{"id":185,"date":"2026-08-28T18:07:28","date_gmt":"2026-08-28T18:07:28","guid":{"rendered":"https:\/\/oticaquintino.com.br\/blog\/?p=185"},"modified":"2026-09-02T19:27:08","modified_gmt":"2026-09-02T19:27:08","slug":"oculos-de-grau-em-londrina-evolucao-das-lentes-e-da-visao","status":"publish","type":"post","link":"https:\/\/oticaquintino.com.br\/blog\/oculos-de-grau-em-londrina-evolucao-das-lentes-e-da-visao\/","title":{"rendered":"oculos-de-grau-em-londrina-evolucao-das-lentes-e-da-visao"},"content":{"rendered":"\n<h1 class=\"wp-block-heading has-large-font-size\">Do jornal ao smartphone: como os \u00f3culos de grau evolu\u00edram com as nossas necessidades visuais<\/h1>\n\n\n\n<p class=\"wp-block-paragraph\"><br>Hoje, nossa vis\u00e3o acompanha uma rotina muito mais digital.<br>Durante muito tempo, usar <strong>\u00f3culos de grau<\/strong> significava principalmente uma coisa: corrigir a vis\u00e3o para enxergar melhor.<\/p>\n\n\n\n<p class=\"wp-block-paragraph\">Na d\u00e9cada de 1980, por exemplo, uma pessoa podia usar seus \u00f3culos para ler o jornal, assistir \u00e0 televis\u00e3o, dirigir, ler um livro ou observar fotografias. As necessidades visuais j\u00e1 eram variadas, mas a rotina era muito diferente da atual.<\/p>\n\n\n\n<figure class=\"wp-block-gallery has-nested-images columns-default is-cropped wp-block-gallery-1 is-layout-flex wp-block-gallery-is-layout-flex\">\n<figure class=\"wp-block-image size-large\"><img loading=\"lazy\" decoding=\"async\" width=\"1024\" height=\"765\" data-id=\"203\" src=\"https:\/\/oticaquintino.com.br\/blog\/wp-content\/uploads\/2026\/08\/banca-de-jornal-decada-80-pessoas-lendo-oculos-de-grau-1-1024x765.jpg\" alt=\"\" class=\"wp-image-203\" srcset=\"https:\/\/oticaquintino.com.br\/blog\/wp-content\/uploads\/2026\/08\/banca-de-jornal-decada-80-pessoas-lendo-oculos-de-grau-1-1024x765.jpg 1024w, https:\/\/oticaquintino.com.br\/blog\/wp-content\/uploads\/2026\/08\/banca-de-jornal-decada-80-pessoas-lendo-oculos-de-grau-1-300x224.jpg 300w, https:\/\/oticaquintino.com.br\/blog\/wp-content\/uploads\/2026\/08\/banca-de-jornal-decada-80-pessoas-lendo-oculos-de-grau-1-767x573.jpg 767w, https:\/\/oticaquintino.com.br\/blog\/wp-content\/uploads\/2026\/08\/banca-de-jornal-decada-80-pessoas-lendo-oculos-de-grau-1.jpg 1200w\" sizes=\"auto, (max-width: 1024px) 100vw, 1024px\" \/><\/figure>\n<\/figure>\n\n\n\n<p class=\"wp-block-paragraph\">Passamos horas alternando entre <strong>celulares, computadores, tablets, televisores, pain\u00e9is digitais de ve\u00edculos e outros dispositivos eletr\u00f4nicos<\/strong>. Muitas dessas atividades acontecem em dist\u00e2ncias diferentes e exigem mudan\u00e7as frequentes entre vis\u00e3o de perto, intermedi\u00e1ria e de longe.<\/p>\n\n\n\n<p class=\"wp-block-paragraph\">Isso leva a uma pergunta:<\/p>\n\n\n\n<p class=\"wp-block-paragraph\"><strong>Se a nossa rotina mudou tanto nas \u00faltimas d\u00e9cadas, os \u00f3culos de grau tamb\u00e9m precisaram evoluir?<\/strong><\/p>\n\n\n\n<p class=\"wp-block-paragraph\">Sim.<\/p>\n\n\n\n<p class=\"wp-block-paragraph\">Os \u00f3culos modernos evolu\u00edram n\u00e3o apenas nas arma\u00e7\u00f5es, mas principalmente nas <strong>lentes oft\u00e1lmicas<\/strong>, que passaram a oferecer diferentes desenhos, materiais, tratamentos e possibilidades de personaliza\u00e7\u00e3o.<\/p>\n\n\n\n<p class=\"wp-block-paragraph\">Para quem procura uma <strong>\u00f3tica em Londrina<\/strong>, entender essa evolu\u00e7\u00e3o ajuda a perceber por que escolher um \u00f3culos atualmente vai muito al\u00e9m de simplesmente colocar o grau correto em uma arma\u00e7\u00e3o.<\/p>\n\n\n\n<hr class=\"wp-block-separator has-alpha-channel-opacity\"\/>\n\n\n\n<h2 class=\"wp-block-heading has-large-font-size\">Como eram os \u00f3culos de grau nos anos 1980?<\/h2>\n\n\n\n<p class=\"wp-block-paragraph\"><br>Imagine a rotina de uma pessoa em Londrina durante os anos 1980.<\/p>\n\n\n\n<p class=\"wp-block-paragraph\">Para acompanhar as not\u00edcias, ela provavelmente lia um jornal impresso. Para assistir a um filme ou programa, utilizava uma televis\u00e3o de tubo. Para fotografar momentos importantes, usava uma c\u00e2mera com filme e aguardava a revela\u00e7\u00e3o das fotografias.<\/p>\n\n\n\n<p class=\"wp-block-paragraph\">No trabalho, documentos impressos, m\u00e1quinas de escrever e arquivos f\u00edsicos faziam parte do cotidiano.<\/p>\n\n\n\n<p class=\"wp-block-paragraph\">Os computadores j\u00e1 existiam, mas ainda estavam longe de ocupar o espa\u00e7o que possuem atualmente na vida profissional e pessoal.<\/p>\n\n\n\n<p class=\"wp-block-paragraph\">Isso fazia com que as necessidades visuais fossem diferentes.<\/p>\n\n\n\n<p class=\"wp-block-paragraph\">Era necess\u00e1rio enxergar bem de longe para dirigir ou assistir televis\u00e3o, de perto para ler e em dist\u00e2ncias intermedi\u00e1rias para algumas atividades profissionais.<\/p>\n\n\n\n<p class=\"wp-block-paragraph\">Mas a quantidade de horas diante de telas e a frequ\u00eancia das mudan\u00e7as entre diferentes dist\u00e2ncias eram muito menores.<\/p>\n\n\n\n<p class=\"wp-block-paragraph\">O mundo visual era mais anal\u00f3gico.<\/p>\n\n\n\n<hr class=\"wp-block-separator has-alpha-channel-opacity\"\/>\n\n\n\n<h2 class=\"wp-block-heading has-large-font-size\">O que mudou da d\u00e9cada de 1980 at\u00e9 hoje?<\/h2>\n\n\n\n<p class=\"wp-block-paragraph\"><br>A tecnologia transformou profundamente a maneira como trabalhamos, estudamos, nos comunicamos e nos divertimos.<\/p>\n\n\n\n<figure class=\"wp-block-gallery has-nested-images columns-default is-cropped wp-block-gallery-2 is-layout-flex wp-block-gallery-is-layout-flex\">\n<figure class=\"wp-block-image size-large\"><img loading=\"lazy\" decoding=\"async\" width=\"1024\" height=\"765\" data-id=\"204\" src=\"https:\/\/oticaquintino.com.br\/blog\/wp-content\/uploads\/2026\/08\/mulher-durante-dia-fazendo-diversas-tarefas-utilizando-telas-1024x765.jpg\" alt=\"\" class=\"wp-image-204\" srcset=\"https:\/\/oticaquintino.com.br\/blog\/wp-content\/uploads\/2026\/08\/mulher-durante-dia-fazendo-diversas-tarefas-utilizando-telas-1024x765.jpg 1024w, https:\/\/oticaquintino.com.br\/blog\/wp-content\/uploads\/2026\/08\/mulher-durante-dia-fazendo-diversas-tarefas-utilizando-telas-300x224.jpg 300w, https:\/\/oticaquintino.com.br\/blog\/wp-content\/uploads\/2026\/08\/mulher-durante-dia-fazendo-diversas-tarefas-utilizando-telas-767x573.jpg 767w, https:\/\/oticaquintino.com.br\/blog\/wp-content\/uploads\/2026\/08\/mulher-durante-dia-fazendo-diversas-tarefas-utilizando-telas.jpg 1200w\" sizes=\"auto, (max-width: 1024px) 100vw, 1024px\" \/><\/figure>\n<\/figure>\n\n\n\n<p class=\"wp-block-paragraph\">O jornal impresso ganhou vers\u00f5es digitais.<\/p>\n\n\n\n<p class=\"wp-block-paragraph\">A fotografia passou do filme para as c\u00e2meras digitais e, posteriormente, para o smartphone.<\/p>\n\n\n\n<p class=\"wp-block-paragraph\">A televis\u00e3o de tubo foi substitu\u00edda por telas cada vez maiores e mais sofisticadas.<\/p>\n\n\n\n<p class=\"wp-block-paragraph\">Os pain\u00e9is anal\u00f3gicos dos autom\u00f3veis passaram a dividir espa\u00e7o com displays digitais.<\/p>\n\n\n\n<p class=\"wp-block-paragraph\">O computador deixou de ser uma ferramenta restrita a determinados ambientes e se tornou parte da rotina de milh\u00f5es de pessoas.<\/p>\n\n\n\n<p class=\"wp-block-paragraph\">E o celular passou a concentrar diversas atividades em uma pequena tela que normalmente utilizamos a poucos cent\u00edmetros dos olhos.<\/p>\n\n\n\n<p class=\"wp-block-paragraph\">Em outras palavras:<\/p>\n\n\n\n<p class=\"wp-block-paragraph\"><strong>o grau pode at\u00e9 ser o mesmo, mas a necessidade visual mudou.<\/strong><\/p>\n\n\n\n<hr class=\"wp-block-separator has-alpha-channel-opacity\"\/>\n\n\n\n<h2 class=\"wp-block-heading has-large-font-size\">A evolu\u00e7\u00e3o dos \u00f3culos aconteceu principalmente nas lentes<\/h2>\n\n\n\n<p class=\"wp-block-paragraph\">Quando pensamos na evolu\u00e7\u00e3o dos \u00f3culos, \u00e9 comum lembrar primeiro das arma\u00e7\u00f5es.<\/p>\n\n\n\n<p class=\"wp-block-paragraph\">E elas realmente mudaram.<\/p>\n\n\n\n<p class=\"wp-block-paragraph\">Hoje existem materiais mais leves, diferentes formatos, designs variados e in\u00fameras possibilidades de personaliza\u00e7\u00e3o.<\/p>\n\n\n\n<p class=\"wp-block-paragraph\">Mas uma das transforma\u00e7\u00f5es mais importantes aconteceu justamente na parte que fica diante dos nossos olhos: <strong>as lentes<\/strong>.<\/p>\n\n\n\n<p class=\"wp-block-paragraph\">A evolu\u00e7\u00e3o da tecnologia \u00f3ptica permitiu o desenvolvimento de lentes cada vez mais espec\u00edficas para diferentes necessidades.<\/p>\n\n\n\n<p class=\"wp-block-paragraph\">Hoje existem, por exemplo:<\/p>\n\n\n\n<ul class=\"wp-block-list\">\n<li>lentes de vis\u00e3o simples;<\/li>\n\n\n\n<li>lentes multifocais;<\/li>\n\n\n\n<li>lentes ocupacionais;<\/li>\n\n\n\n<li>diferentes materiais e \u00edndices de refra\u00e7\u00e3o;<\/li>\n\n\n\n<li>tratamentos antirreflexo;<\/li>\n\n\n\n<li>prote\u00e7\u00e3o contra radia\u00e7\u00e3o ultravioleta, conforme a tecnologia da lente;<\/li>\n\n\n\n<li>diferentes possibilidades de personaliza\u00e7\u00e3o.<\/li>\n<\/ul>\n\n\n\n<p class=\"wp-block-paragraph\">Por isso, escolher um \u00f3culos moderno n\u00e3o deveria come\u00e7ar apenas pela pergunta:<\/p>\n\n\n\n<p class=\"wp-block-paragraph\"><strong>\u201cQual \u00e9 o meu grau?\u201d<\/strong><\/p>\n\n\n\n<p class=\"wp-block-paragraph\">Uma pergunta ainda mais importante \u00e9:<\/p>\n\n\n\n<p class=\"wp-block-paragraph\"><strong>\u201cComo eu uso a minha vis\u00e3o durante o dia?\u201d<\/strong><\/p>\n\n\n\n<hr class=\"wp-block-separator has-alpha-channel-opacity\"\/>\n\n\n\n<h2 class=\"wp-block-heading has-large-font-size\">O mesmo grau pode exigir solu\u00e7\u00f5es diferentes<\/h2>\n\n\n\n<p class=\"wp-block-paragraph\"><br>Imagine duas pessoas com receitas muito semelhantes.<\/p>\n\n\n\n<figure class=\"wp-block-gallery has-nested-images columns-default is-cropped wp-block-gallery-3 is-layout-flex wp-block-gallery-is-layout-flex\">\n<figure class=\"wp-block-image size-large\"><img loading=\"lazy\" decoding=\"async\" width=\"1024\" height=\"765\" data-id=\"205\" src=\"https:\/\/oticaquintino.com.br\/blog\/wp-content\/uploads\/2026\/08\/duas-pessoas-usando-oculos-de-grau-mas-com-profissoes-diferentes-1024x765.jpg\" alt=\"\" class=\"wp-image-205\" srcset=\"https:\/\/oticaquintino.com.br\/blog\/wp-content\/uploads\/2026\/08\/duas-pessoas-usando-oculos-de-grau-mas-com-profissoes-diferentes-1024x765.jpg 1024w, https:\/\/oticaquintino.com.br\/blog\/wp-content\/uploads\/2026\/08\/duas-pessoas-usando-oculos-de-grau-mas-com-profissoes-diferentes-300x224.jpg 300w, https:\/\/oticaquintino.com.br\/blog\/wp-content\/uploads\/2026\/08\/duas-pessoas-usando-oculos-de-grau-mas-com-profissoes-diferentes-767x573.jpg 767w, https:\/\/oticaquintino.com.br\/blog\/wp-content\/uploads\/2026\/08\/duas-pessoas-usando-oculos-de-grau-mas-com-profissoes-diferentes.jpg 1200w\" sizes=\"auto, (max-width: 1024px) 100vw, 1024px\" \/><\/figure>\n<\/figure>\n\n\n\n<p class=\"wp-block-paragraph\">A primeira trabalha oito horas por dia diante com dois monitores de computador.<\/p>\n\n\n\n<p class=\"wp-block-paragraph\">A segunda trabalha predominantemente ao ar livre e passa grande parte do dia olhando para dist\u00e2ncias maiores.<\/p>\n\n\n\n<p class=\"wp-block-paragraph\">O grau pode ser semelhante.<\/p>\n\n\n\n<p class=\"wp-block-paragraph\">A necessidade visual, por\u00e9m, \u00e9 diferente.<\/p>\n\n\n\n<p class=\"wp-block-paragraph\">\u00c9 por isso que uma boa escolha de lentes precisa considerar n\u00e3o apenas a receita, mas tamb\u00e9m a rotina.<\/p>\n\n\n\n<p class=\"wp-block-paragraph\">Algumas perguntas podem ajudar:<\/p>\n\n\n\n<p class=\"wp-block-paragraph\"><strong>Voc\u00ea trabalha no computador?<\/strong><\/p>\n\n\n\n<p class=\"wp-block-paragraph\"><strong>Usa um ou dois monitores?<\/strong><\/p>\n\n\n\n<p class=\"wp-block-paragraph\"><strong>Quanto tempo passa olhando para o celular?<\/strong><\/p>\n\n\n\n<p class=\"wp-block-paragraph\"><strong>Precisa dirigir diariamente?<\/strong><\/p>\n\n\n\n<p class=\"wp-block-paragraph\"><strong>L\u00ea documentos impressos?<\/strong><\/p>\n\n\n\n<p class=\"wp-block-paragraph\"><strong>Alterna constantemente entre perto, intermedi\u00e1rio e longe?<\/strong><\/p>\n\n\n\n<p class=\"wp-block-paragraph\"><strong>Tem dificuldade para enxergar letras pequenas?<\/strong><\/p>\n\n\n\n<p class=\"wp-block-paragraph\">Essas informa\u00e7\u00f5es ajudam o profissional da \u00e1rea \u00f3ptica a compreender melhor o uso que ser\u00e1 feito dos \u00f3culos e orientar sobre as op\u00e7\u00f5es dispon\u00edveis.<\/p>\n\n\n\n<hr class=\"wp-block-separator has-alpha-channel-opacity\"\/>\n\n\n\n<h2 class=\"wp-block-heading has-large-font-size\">A vis\u00e3o moderna exige diferentes dist\u00e2ncias<\/h2>\n\n\n\n<p class=\"wp-block-paragraph\">Uma das grandes mudan\u00e7as da vida contempor\u00e2nea \u00e9 a quantidade de dist\u00e2ncias diferentes que utilizamos durante o mesmo dia.<\/p>\n\n\n\n<p class=\"wp-block-paragraph\">Imagine uma pessoa come\u00e7ando a manh\u00e3 olhando o celular a aproximadamente 30 ou 40 cent\u00edmetros dos olhos.<\/p>\n\n\n\n<p class=\"wp-block-paragraph\">Depois, ela se senta diante do computador, geralmente a uma dist\u00e2ncia maior.<\/p>\n\n\n\n<p class=\"wp-block-paragraph\">Durante uma reuni\u00e3o, precisa olhar para pessoas a alguns metros.<\/p>\n\n\n\n<p class=\"wp-block-paragraph\">Ao sair para o almo\u00e7o, dirige e precisa enxergar a rua e as informa\u00e7\u00f5es do painel.<\/p>\n\n\n\n<p class=\"wp-block-paragraph\">\u00c0 noite, volta para o celular e depois assiste \u00e0 televis\u00e3o.<\/p>\n\n\n\n<p class=\"wp-block-paragraph\">S\u00e3o diversas situa\u00e7\u00f5es visuais dentro de poucas horas.<\/p>\n\n\n\n<p class=\"wp-block-paragraph\">Essa realidade ajuda a explicar por que algumas pessoas podem se beneficiar de solu\u00e7\u00f5es \u00f3pticas que contemplem diferentes dist\u00e2ncias.<\/p>\n\n\n\n<hr class=\"wp-block-separator has-alpha-channel-opacity\"\/>\n\n\n\n<h2 class=\"wp-block-heading has-large-font-size\">Do jornal ao smartphone: uma mudan\u00e7a que representa uma nova rotina visual<\/h2>\n\n\n\n<p class=\"wp-block-paragraph\"><br>O smartphone talvez seja o maior s\u00edmbolo dessa transforma\u00e7\u00e3o.<\/p>\n\n\n\n<figure class=\"wp-block-gallery has-nested-images columns-default is-cropped wp-block-gallery-4 is-layout-flex wp-block-gallery-is-layout-flex\">\n<figure class=\"wp-block-image size-large\"><img loading=\"lazy\" decoding=\"async\" width=\"1024\" height=\"765\" data-id=\"206\" src=\"https:\/\/oticaquintino.com.br\/blog\/wp-content\/uploads\/2026\/08\/smartphone-sendo-mostrado-com-icones-funcionalidades-infinitas-1024x765.jpg\" alt=\"\" class=\"wp-image-206\" srcset=\"https:\/\/oticaquintino.com.br\/blog\/wp-content\/uploads\/2026\/08\/smartphone-sendo-mostrado-com-icones-funcionalidades-infinitas-1024x765.jpg 1024w, https:\/\/oticaquintino.com.br\/blog\/wp-content\/uploads\/2026\/08\/smartphone-sendo-mostrado-com-icones-funcionalidades-infinitas-300x224.jpg 300w, https:\/\/oticaquintino.com.br\/blog\/wp-content\/uploads\/2026\/08\/smartphone-sendo-mostrado-com-icones-funcionalidades-infinitas-767x573.jpg 767w, https:\/\/oticaquintino.com.br\/blog\/wp-content\/uploads\/2026\/08\/smartphone-sendo-mostrado-com-icones-funcionalidades-infinitas.jpg 1200w\" sizes=\"auto, (max-width: 1024px) 100vw, 1024px\" \/><\/figure>\n<\/figure>\n\n\n\n<p class=\"wp-block-paragraph\">Na d\u00e9cada de 1980, o telefone tinha uma fun\u00e7\u00e3o relativamente simples: realizar chamadas.<\/p>\n\n\n\n<p class=\"wp-block-paragraph\">Hoje, um smartphone pode funcionar como:<\/p>\n\n\n\n<ul class=\"wp-block-list\">\n<li>telefone;<\/li>\n\n\n\n<li>c\u00e2mera;<\/li>\n\n\n\n<li>jornal;<\/li>\n\n\n\n<li>televis\u00e3o;<\/li>\n\n\n\n<li>GPS;<\/li>\n\n\n\n<li>banco;<\/li>\n\n\n\n<li>agenda;<\/li>\n\n\n\n<li>biblioteca;<\/li>\n\n\n\n<li>ferramenta de trabalho;<\/li>\n\n\n\n<li>plataforma de compras;<\/li>\n\n\n\n<li>meio de comunica\u00e7\u00e3o;<\/li>\n\n\n\n<li>fonte de entretenimento.<\/li>\n<\/ul>\n\n\n\n<p class=\"wp-block-paragraph\">Grande parte dessas fun\u00e7\u00f5es acontece em uma tela pequena e pr\u00f3xima dos olhos.<\/p>\n\n\n\n<p class=\"wp-block-paragraph\">Al\u00e9m disso, dispositivos digitais apresentam caracter\u00edsticas diferentes de materiais impressos, como brilho, contraste, reflexos e dist\u00e2ncia de visualiza\u00e7\u00e3o.<\/p>\n\n\n\n<p class=\"wp-block-paragraph\">O uso prolongado de telas tamb\u00e9m pode estar associado a sintomas de fadiga visual digital, como desconforto ocular, vis\u00e3o borrada, dor de cabe\u00e7a e ressecamento ocular.<\/p>\n\n\n\n<p class=\"wp-block-paragraph\">Por isso, a orienta\u00e7\u00e3o profissional e os h\u00e1bitos adequados durante o uso de dispositivos s\u00e3o importantes.<\/p>\n\n\n\n<hr class=\"wp-block-separator has-alpha-channel-opacity\"\/>\n\n\n\n<h2 class=\"wp-block-heading has-large-font-size\">E o computador? A vis\u00e3o intermedi\u00e1ria ganhou import\u00e2ncia<\/h2>\n\n\n\n<p class=\"wp-block-paragraph\">Outra mudan\u00e7a significativa aconteceu no ambiente de trabalho.<\/p>\n\n\n\n<p class=\"wp-block-paragraph\">Durante d\u00e9cadas, muitas atividades profissionais dependiam predominantemente de documentos impressos.<\/p>\n\n\n\n<p class=\"wp-block-paragraph\">Hoje, o computador est\u00e1 presente em praticamente todos os setores.<\/p>\n\n\n\n<p class=\"wp-block-paragraph\">E existe uma dist\u00e2ncia particularmente importante nesse contexto: <strong>a vis\u00e3o intermedi\u00e1ria<\/strong>.<\/p>\n\n\n\n<p class=\"wp-block-paragraph\">O monitor normalmente fica mais distante do rosto do que um livro ou celular, mas muito mais pr\u00f3ximo do que uma televis\u00e3o ou uma pessoa do outro lado de uma sala.<\/p>\n\n\n\n<p class=\"wp-block-paragraph\">Para algumas pessoas, principalmente aquelas que apresentam presbiopia, essa dist\u00e2ncia pode representar um desafio.<\/p>\n\n\n\n<p class=\"wp-block-paragraph\">\u00c9 nesse contexto que entram algumas solu\u00e7\u00f5es \u00f3pticas desenvolvidas para determinadas atividades, como as <strong>lentes ocupacionais<\/strong>, al\u00e9m de diferentes desenhos de lentes multifocais.<\/p>\n\n\n\n<p class=\"wp-block-paragraph\">A escolha depende das necessidades individuais e deve considerar a rotina de cada usu\u00e1rio.<\/p>\n\n\n\n<hr class=\"wp-block-separator has-alpha-channel-opacity\"\/>\n\n\n\n<h2 class=\"wp-block-heading has-large-font-size\">Do veloc\u00edmetro anal\u00f3gico ao painel digital<\/h2>\n\n\n\n<p class=\"wp-block-paragraph\"><br>O autom\u00f3vel tamb\u00e9m mostra como a nossa experi\u00eancia visual mudou.<\/p>\n\n\n\n<figure class=\"wp-block-gallery has-nested-images columns-default is-cropped wp-block-gallery-5 is-layout-flex wp-block-gallery-is-layout-flex\">\n<figure class=\"wp-block-image size-large\"><img loading=\"lazy\" decoding=\"async\" width=\"1024\" height=\"765\" data-id=\"207\" src=\"https:\/\/oticaquintino.com.br\/blog\/wp-content\/uploads\/2026\/08\/painel-automovel-comparativo-carro-antigo-carro-moderno-1024x765.jpg\" alt=\"\" class=\"wp-image-207\" srcset=\"https:\/\/oticaquintino.com.br\/blog\/wp-content\/uploads\/2026\/08\/painel-automovel-comparativo-carro-antigo-carro-moderno-1024x765.jpg 1024w, https:\/\/oticaquintino.com.br\/blog\/wp-content\/uploads\/2026\/08\/painel-automovel-comparativo-carro-antigo-carro-moderno-300x224.jpg 300w, https:\/\/oticaquintino.com.br\/blog\/wp-content\/uploads\/2026\/08\/painel-automovel-comparativo-carro-antigo-carro-moderno-767x573.jpg 767w, https:\/\/oticaquintino.com.br\/blog\/wp-content\/uploads\/2026\/08\/painel-automovel-comparativo-carro-antigo-carro-moderno.jpg 1200w\" sizes=\"auto, (max-width: 1024px) 100vw, 1024px\" \/><\/figure>\n<\/figure>\n\n\n\n<p class=\"wp-block-paragraph\">Nos anos 1980, era comum encontrar pain\u00e9is predominantemente anal\u00f3gicos, com ponteiros e n\u00fameros.<\/p>\n\n\n\n<p class=\"wp-block-paragraph\">Hoje, muitos ve\u00edculos apresentam telas digitais capazes de mostrar velocidade, navega\u00e7\u00e3o, consumo, alertas, informa\u00e7\u00f5es do ve\u00edculo e diversos outros dados.<\/p>\n\n\n\n<p class=\"wp-block-paragraph\">O motorista passou a interagir com uma quantidade maior de informa\u00e7\u00f5es visuais.<\/p>\n\n\n\n<p class=\"wp-block-paragraph\">Isso n\u00e3o significa que o painel digital seja prejudicial aos olhos.<\/p>\n\n\n\n<p class=\"wp-block-paragraph\">A quest\u00e3o \u00e9 que ele representa mais uma situa\u00e7\u00e3o em que nossa vis\u00e3o precisa interpretar diferentes informa\u00e7\u00f5es em diferentes contextos.<\/p>\n\n\n\n<p class=\"wp-block-paragraph\">Por isso, <strong>conforto visual n\u00e3o significa apenas enxergar letras pequenas<\/strong>.<\/p>\n\n\n\n<p class=\"wp-block-paragraph\">Tamb\u00e9m envolve conseguir realizar as tarefas necess\u00e1rias com clareza e conforto dentro das caracter\u00edsticas da pr\u00f3pria rotina.<\/p>\n\n\n\n<hr class=\"wp-block-separator has-alpha-channel-opacity\"\/>\n\n\n\n<h2 class=\"wp-block-heading has-large-font-size\">Da televis\u00e3o de 14 polegadas \u00e0s telas gigantes<\/h2>\n\n\n\n<p class=\"wp-block-paragraph\">A televis\u00e3o tamb\u00e9m mudou completamente.<\/p>\n\n\n\n<p class=\"wp-block-paragraph\">Imagine uma sala nos anos 1980 com uma televis\u00e3o de tubo de 14 ou 20 polegadas.<\/p>\n\n\n\n<p class=\"wp-block-paragraph\">Agora compare com uma televis\u00e3o moderna de 55, 65, 75 polegadas ou mais.<\/p>\n\n\n\n<p class=\"wp-block-paragraph\">A tecnologia das telas evoluiu enormemente.<\/p>\n\n\n\n<p class=\"wp-block-paragraph\">Mas existe um detalhe importante:<\/p>\n\n\n\n<p class=\"wp-block-paragraph\"><strong>o tamanho da televis\u00e3o, sozinho, n\u00e3o determina o esfor\u00e7o visual.<\/strong><\/p>\n\n\n\n<p class=\"wp-block-paragraph\">A dist\u00e2ncia de visualiza\u00e7\u00e3o tamb\u00e9m \u00e9 fundamental.<\/p>\n\n\n\n<p class=\"wp-block-paragraph\">Uma televis\u00e3o grande observada a uma dist\u00e2ncia adequada pode proporcionar uma experi\u00eancia confort\u00e1vel.<\/p>\n\n\n\n<p class=\"wp-block-paragraph\">O mais interessante nessa compara\u00e7\u00e3o \u00e9 perceber como nossa rotina passou a combinar diferentes tipos de telas.<\/p>\n\n\n\n<p class=\"wp-block-paragraph\">Podemos olhar para uma televis\u00e3o grande a v\u00e1rios metros de dist\u00e2ncia e, poucos segundos depois, baixar os olhos para um smartphone.<\/p>\n\n\n\n<p class=\"wp-block-paragraph\">Essa altern\u00e2ncia faz parte da vida visual moderna.<\/p>\n\n\n\n<hr class=\"wp-block-separator has-alpha-channel-opacity\"\/>\n\n\n\n<h2 class=\"wp-block-heading has-large-font-size\">Quando as lentes multifocais se tornam importantes?<\/h2>\n\n\n\n<p class=\"wp-block-paragraph\"><br>Com o avan\u00e7o da idade, \u00e9 comum ocorrer a <strong>presbiopia<\/strong>, uma altera\u00e7\u00e3o natural relacionada \u00e0 capacidade de focalizar objetos pr\u00f3ximos.<\/p>\n\n\n\n<figure class=\"wp-block-gallery has-nested-images columns-default is-cropped wp-block-gallery-6 is-layout-flex wp-block-gallery-is-layout-flex\">\n<figure class=\"wp-block-image size-large\"><img loading=\"lazy\" decoding=\"async\" width=\"1024\" height=\"765\" data-id=\"208\" src=\"https:\/\/oticaquintino.com.br\/blog\/wp-content\/uploads\/2026\/08\/visao-embacada-perto-visao-perfeita-de-longe-1024x765.jpg\" alt=\"\" class=\"wp-image-208\" srcset=\"https:\/\/oticaquintino.com.br\/blog\/wp-content\/uploads\/2026\/08\/visao-embacada-perto-visao-perfeita-de-longe-1024x765.jpg 1024w, https:\/\/oticaquintino.com.br\/blog\/wp-content\/uploads\/2026\/08\/visao-embacada-perto-visao-perfeita-de-longe-300x224.jpg 300w, https:\/\/oticaquintino.com.br\/blog\/wp-content\/uploads\/2026\/08\/visao-embacada-perto-visao-perfeita-de-longe-767x573.jpg 767w, https:\/\/oticaquintino.com.br\/blog\/wp-content\/uploads\/2026\/08\/visao-embacada-perto-visao-perfeita-de-longe.jpg 1200w\" sizes=\"auto, (max-width: 1024px) 100vw, 1024px\" \/><\/figure>\n<\/figure>\n\n\n\n<p class=\"wp-block-paragraph\">\u00c9 quando muitas pessoas come\u00e7am a perceber dificuldades para:<\/p>\n\n\n\n<ul class=\"wp-block-list\">\n<li>ler letras pequenas;<\/li>\n\n\n\n<li>enxergar mensagens no celular;<\/li>\n\n\n\n<li>consultar documentos;<\/li>\n\n\n\n<li>realizar trabalhos de perto;<\/li>\n\n\n\n<li>visualizar objetos pr\u00f3ximos com a mesma facilidade de antes.<\/li>\n<\/ul>\n\n\n\n<p class=\"wp-block-paragraph\">No passado, uma alternativa bastante comum era utilizar um \u00f3culos para longe e outro para perto.<\/p>\n\n\n\n<p class=\"wp-block-paragraph\">Atualmente, muitas pessoas procuram uma solu\u00e7\u00e3o que permita enxergar diferentes dist\u00e2ncias utilizando um \u00fanico par de \u00f3culos.<\/p>\n\n\n\n<p class=\"wp-block-paragraph\">\u00c9 nesse contexto que as <strong>lentes multifocais<\/strong> ganharam grande import\u00e2ncia.<\/p>\n\n\n\n<p class=\"wp-block-paragraph\">Elas possuem diferentes \u00e1reas de vis\u00e3o dentro da mesma lente, permitindo a transi\u00e7\u00e3o entre dist\u00e2ncias.<\/p>\n\n\n\n<p class=\"wp-block-paragraph\">Por\u00e9m, \u00e9 importante entender que <strong>nem toda lente multifocal \u00e9 igual e nem todas as pessoas possuem as mesmas necessidades<\/strong>.<\/p>\n\n\n\n<p class=\"wp-block-paragraph\">Existem diferentes tecnologias, desenhos e n\u00edveis de personaliza\u00e7\u00e3o.<\/p>\n\n\n\n<p class=\"wp-block-paragraph\">Por isso, a escolha da lente deve considerar a receita, a rotina e as necessidades espec\u00edficas de cada usu\u00e1rio.<\/p>\n\n\n\n<hr class=\"wp-block-separator has-alpha-channel-opacity\"\/>\n\n\n\n<h2 class=\"wp-block-heading has-large-font-size\">Por que a personaliza\u00e7\u00e3o das lentes ficou t\u00e3o importante?<\/h2>\n\n\n\n<p class=\"wp-block-paragraph\">A evolu\u00e7\u00e3o tecnol\u00f3gica permitiu que as lentes deixassem de ser vistas apenas como uma solu\u00e7\u00e3o gen\u00e9rica para determinado grau.<\/p>\n\n\n\n<p class=\"wp-block-paragraph\">Hoje, diferentes caracter\u00edsticas podem ser consideradas no desenvolvimento e na escolha de uma lente.<\/p>\n\n\n\n<p class=\"wp-block-paragraph\">Entre elas est\u00e3o:<\/p>\n\n\n\n<ul class=\"wp-block-list\">\n<li>receita \u00f3ptica;<\/li>\n\n\n\n<li>idade;<\/li>\n\n\n\n<li>h\u00e1bitos visuais;<\/li>\n\n\n\n<li>dist\u00e2ncia de trabalho;<\/li>\n\n\n\n<li>uso de computador;<\/li>\n\n\n\n<li>utiliza\u00e7\u00e3o de celular;<\/li>\n\n\n\n<li>necessidade de dirigir;<\/li>\n\n\n\n<li>frequ\u00eancia de leitura;<\/li>\n\n\n\n<li>necessidade de alternar diferentes dist\u00e2ncias;<\/li>\n\n\n\n<li>tipo de arma\u00e7\u00e3o;<\/li>\n\n\n\n<li>medidas espec\u00edficas para a montagem.<\/li>\n<\/ul>\n\n\n\n<p class=\"wp-block-paragraph\">Isso representa uma mudan\u00e7a importante.<\/p>\n\n\n\n<p class=\"wp-block-paragraph\">O objetivo deixou de ser simplesmente:<\/p>\n\n\n\n<p class=\"wp-block-paragraph\"><strong>\u201cColocar o grau certo.\u201d<\/strong><\/p>\n\n\n\n<p class=\"wp-block-paragraph\">E passou a ser tamb\u00e9m:<\/p>\n\n\n\n<p class=\"wp-block-paragraph\"><strong>\u201cEncontrar uma solu\u00e7\u00e3o adequada para a maneira como aquela pessoa utiliza a vis\u00e3o.\u201d<\/strong><\/p>\n\n\n\n<hr class=\"wp-block-separator has-alpha-channel-opacity\"\/>\n\n\n\n<h2 class=\"wp-block-heading has-large-font-size\">O papel da \u00f3tica tamb\u00e9m mudou<\/h2>\n\n\n\n<p class=\"wp-block-paragraph\"><br>A evolu\u00e7\u00e3o dos \u00f3culos trouxe mudan\u00e7as n\u00e3o apenas para as lentes, mas tamb\u00e9m para o atendimento nas \u00f3ticas.<\/p>\n\n\n\n<figure class=\"wp-block-gallery has-nested-images columns-default is-cropped wp-block-gallery-7 is-layout-flex wp-block-gallery-is-layout-flex\">\n<figure class=\"wp-block-image size-large\"><img loading=\"lazy\" decoding=\"async\" width=\"1024\" height=\"683\" data-id=\"209\" src=\"https:\/\/oticaquintino.com.br\/blog\/wp-content\/uploads\/2026\/08\/otica-quintino-higienopolis-clientes-atendidos-armacoes-oculos-1024x683.jpg\" alt=\"\" class=\"wp-image-209\" srcset=\"https:\/\/oticaquintino.com.br\/blog\/wp-content\/uploads\/2026\/08\/otica-quintino-higienopolis-clientes-atendidos-armacoes-oculos-1024x683.jpg 1024w, https:\/\/oticaquintino.com.br\/blog\/wp-content\/uploads\/2026\/08\/otica-quintino-higienopolis-clientes-atendidos-armacoes-oculos-300x200.jpg 300w, https:\/\/oticaquintino.com.br\/blog\/wp-content\/uploads\/2026\/08\/otica-quintino-higienopolis-clientes-atendidos-armacoes-oculos-768x512.jpg 768w, https:\/\/oticaquintino.com.br\/blog\/wp-content\/uploads\/2026\/08\/otica-quintino-higienopolis-clientes-atendidos-armacoes-oculos.jpg 1200w\" sizes=\"auto, (max-width: 1024px) 100vw, 1024px\" \/><\/figure>\n<\/figure>\n\n\n\n<p class=\"wp-block-paragraph\">Escolher uma arma\u00e7\u00e3o continua sendo importante.<\/p>\n\n\n\n<p class=\"wp-block-paragraph\">A est\u00e9tica, o formato do rosto, o estilo pessoal e o conforto fazem parte da decis\u00e3o.<\/p>\n\n\n\n<p class=\"wp-block-paragraph\">Mas a escolha n\u00e3o precisa terminar a\u00ed.<\/p>\n\n\n\n<p class=\"wp-block-paragraph\">Uma \u00f3tica que trabalha com diferentes solu\u00e7\u00f5es \u00f3pticas pode ajudar o cliente a entender as op\u00e7\u00f5es dispon\u00edveis para sua necessidade.<\/p>\n\n\n\n<p class=\"wp-block-paragraph\">Na pr\u00e1tica, isso significa olhar para o conjunto:<\/p>\n\n\n\n<p class=\"wp-block-paragraph\"><strong>receita + rotina + necessidades visuais + lente + arma\u00e7\u00e3o + montagem + adapta\u00e7\u00e3o.<\/strong><\/p>\n\n\n\n<p class=\"wp-block-paragraph\">\u00c9 uma vis\u00e3o muito mais completa do que simplesmente escolher uma arma\u00e7\u00e3o bonita e colocar uma receita dentro dela.<\/p>\n\n\n\n<hr class=\"wp-block-separator has-alpha-channel-opacity\"\/>\n\n\n\n<h2 class=\"wp-block-heading has-large-font-size\">O \u00f3culos moderno precisa acompanhar a rotina<\/h2>\n\n\n\n<p class=\"wp-block-paragraph\">Pense em tr\u00eas pessoas.<\/p>\n\n\n\n<p class=\"wp-block-paragraph\">Uma trabalha o dia inteiro diante de dois monitores.<\/p>\n\n\n\n<p class=\"wp-block-paragraph\">Outra dirige profissionalmente e passa grande parte do dia olhando para longe e para o painel do ve\u00edculo.<\/p>\n\n\n\n<p class=\"wp-block-paragraph\">Uma terceira pessoa trabalha em escrit\u00f3rio, utiliza celular constantemente, participa de reuni\u00f5es e l\u00ea documentos.<\/p>\n\n\n\n<p class=\"wp-block-paragraph\">Mesmo que elas tenham graus semelhantes, suas necessidades podem ser muito diferentes.<\/p>\n\n\n\n<p class=\"wp-block-paragraph\">Por isso, antes de escolher seus pr\u00f3ximos \u00f3culos de grau, vale observar a pr\u00f3pria rotina.<\/p>\n\n\n\n<p class=\"wp-block-paragraph\"><strong>Quanto tempo voc\u00ea passa no computador?<\/strong><\/p>\n\n\n\n<p class=\"wp-block-paragraph\"><strong>Qual a dist\u00e2ncia do seu monitor?<\/strong><\/p>\n\n\n\n<p class=\"wp-block-paragraph\"><strong>Voc\u00ea usa dois monitores?<\/strong><\/p>\n\n\n\n<p class=\"wp-block-paragraph\"><strong>Quanto tempo passa no celular?<\/strong><\/p>\n\n\n\n<p class=\"wp-block-paragraph\"><strong>Precisa dirigir?<\/strong><\/p>\n\n\n\n<p class=\"wp-block-paragraph\"><strong>L\u00ea bastante?<\/strong><\/p>\n\n\n\n<p class=\"wp-block-paragraph\"><strong>Tem dificuldade para enxergar de perto?<\/strong><\/p>\n\n\n\n<p class=\"wp-block-paragraph\"><strong>Precisa alternar frequentemente entre diferentes dist\u00e2ncias?<\/strong><\/p>\n\n\n\n<p class=\"wp-block-paragraph\">Responder essas perguntas pode ajudar a entender melhor quais caracter\u00edsticas devem ser consideradas na escolha da solu\u00e7\u00e3o \u00f3ptica.<\/p>\n\n\n\n<hr class=\"wp-block-separator has-alpha-channel-opacity\"\/>\n\n\n\n<h2 class=\"wp-block-heading has-large-font-size\">A tecnologia mudou. Os olhos continuam sendo os mesmos.<\/h2>\n\n\n\n<p class=\"wp-block-paragraph\"><br>Existe uma ironia nessa hist\u00f3ria.<\/p>\n\n\n\n<figure class=\"wp-block-gallery has-nested-images columns-default is-cropped wp-block-gallery-8 is-layout-flex wp-block-gallery-is-layout-flex\">\n<figure class=\"wp-block-image size-large\"><img loading=\"lazy\" decoding=\"async\" width=\"1024\" height=\"765\" data-id=\"210\" src=\"https:\/\/oticaquintino.com.br\/blog\/wp-content\/uploads\/2026\/08\/evolucao-televisores-necessita-oculos-melhores-adaptdos-para-uso-1024x765.jpg\" alt=\"\" class=\"wp-image-210\" srcset=\"https:\/\/oticaquintino.com.br\/blog\/wp-content\/uploads\/2026\/08\/evolucao-televisores-necessita-oculos-melhores-adaptdos-para-uso-1024x765.jpg 1024w, https:\/\/oticaquintino.com.br\/blog\/wp-content\/uploads\/2026\/08\/evolucao-televisores-necessita-oculos-melhores-adaptdos-para-uso-300x224.jpg 300w, https:\/\/oticaquintino.com.br\/blog\/wp-content\/uploads\/2026\/08\/evolucao-televisores-necessita-oculos-melhores-adaptdos-para-uso-767x573.jpg 767w, https:\/\/oticaquintino.com.br\/blog\/wp-content\/uploads\/2026\/08\/evolucao-televisores-necessita-oculos-melhores-adaptdos-para-uso.jpg 1200w\" sizes=\"auto, (max-width: 1024px) 100vw, 1024px\" \/><\/figure>\n<\/figure>\n\n\n\n<p class=\"wp-block-paragraph\">Em aproximadamente quatro d\u00e9cadas, passamos do jornal ao smartphone, da fotografia revelada \u00e0 c\u00e2mera digital, da televis\u00e3o de tubo \u00e0s telas gigantes e dos pain\u00e9is anal\u00f3gicos aos displays digitais.<\/p>\n\n\n\n<p class=\"wp-block-paragraph\">Mas nossos olhos continuam dependendo dos mesmos mecanismos fundamentais para focalizar, movimentar e coordenar a vis\u00e3o.<\/p>\n\n\n\n<p class=\"wp-block-paragraph\"><strong>O que mudou foi o ambiente em que usamos nossos olhos.<\/strong><\/p>\n\n\n\n<p class=\"wp-block-paragraph\">Hoje podemos passar v\u00e1rias horas realizando atividades de perto, especialmente diante de telas.<\/p>\n\n\n\n<p class=\"wp-block-paragraph\">Por isso, al\u00e9m de manter uma corre\u00e7\u00e3o visual adequada, alguns h\u00e1bitos podem contribuir para uma experi\u00eancia mais confort\u00e1vel.<\/p>\n\n\n\n<p class=\"wp-block-paragraph\">Durante o uso prolongado de dispositivos digitais, uma recomenda\u00e7\u00e3o conhecida \u00e9 a regra <strong>20-20-20<\/strong>: a cada 20 minutos, fazer uma pausa de cerca de 20 segundos e olhar para algo a aproximadamente 6 metros de dist\u00e2ncia.<\/p>\n\n\n\n<p class=\"wp-block-paragraph\">Tamb\u00e9m \u00e9 importante observar a ilumina\u00e7\u00e3o do ambiente, reduzir reflexos, manter uma dist\u00e2ncia adequada da tela e fazer pausas durante per\u00edodos prolongados de trabalho.<\/p>\n\n\n\n<p class=\"wp-block-paragraph\">Se houver sintomas persistentes, altera\u00e7\u00f5es na vis\u00e3o ou desconforto frequente, \u00e9 importante buscar avalia\u00e7\u00e3o de um profissional habilitado.<\/p>\n\n\n\n<hr class=\"wp-block-separator has-alpha-channel-opacity\"\/>\n\n\n\n<h2 class=\"wp-block-heading has-large-font-size\">Afinal, os \u00f3culos mudaram ou as necessidades mudaram?<\/h2>\n\n\n\n<p class=\"wp-block-paragraph\"><strong>Os dois.<\/strong><\/p>\n\n\n\n<p class=\"wp-block-paragraph\">Os \u00f3culos evolu\u00edram porque nossas necessidades visuais tamb\u00e9m evolu\u00edram.<\/p>\n\n\n\n<p class=\"wp-block-paragraph\">As lentes passaram por avan\u00e7os importantes em materiais, desenhos \u00f3pticos, processos digitais de fabrica\u00e7\u00e3o e possibilidades de personaliza\u00e7\u00e3o.<\/p>\n\n\n\n<p class=\"wp-block-paragraph\">Ao mesmo tempo, nossa rotina ficou muito mais complexa.<\/p>\n\n\n\n<p class=\"wp-block-paragraph\">Nos anos 1980, uma pessoa podia passar boa parte do dia alternando principalmente entre jornal, televis\u00e3o, livros, dire\u00e7\u00e3o e atividades presenciais.<\/p>\n\n\n\n<p class=\"wp-block-paragraph\">Hoje, podemos precisar enxergar:<\/p>\n\n\n\n<p class=\"wp-block-paragraph\"><strong>o celular a poucos cent\u00edmetros, o computador a uma dist\u00e2ncia intermedi\u00e1ria, o painel do carro, pessoas a alguns metros e a televis\u00e3o a v\u00e1rios metros \u2014 tudo no mesmo dia.<\/strong><\/p>\n\n\n\n<p class=\"wp-block-paragraph\">Essa \u00e9 uma transforma\u00e7\u00e3o enorme.<\/p>\n\n\n\n<p class=\"wp-block-paragraph\">Por isso, quando algu\u00e9m procura <strong>\u00f3culos de grau em Londrina<\/strong>, a pergunta mais importante talvez n\u00e3o seja apenas:<\/p>\n\n\n\n<p class=\"wp-block-paragraph\"><strong>\u201cQual lente tem o meu grau?\u201d<\/strong><\/p>\n\n\n\n<p class=\"wp-block-paragraph\">Mas:<\/p>\n\n\n\n<p class=\"wp-block-paragraph\"><strong>\u201cQual solu\u00e7\u00e3o \u00f3ptica faz sentido para a maneira como eu vivo?\u201d<\/strong><\/p>\n\n\n\n<hr class=\"wp-block-separator has-alpha-channel-opacity\"\/>\n\n\n\n<h2 class=\"wp-block-heading has-large-font-size\">Como escolher os \u00f3culos de grau para a sua rotina?<\/h2>\n\n\n\n<p class=\"wp-block-paragraph\"><br>N\u00e3o existe uma \u00fanica lente ideal para todas as pessoas.<\/p>\n\n\n\n<figure class=\"wp-block-gallery has-nested-images columns-default is-cropped wp-block-gallery-9 is-layout-flex wp-block-gallery-is-layout-flex\">\n<figure class=\"wp-block-image size-large\"><img loading=\"lazy\" decoding=\"async\" width=\"1024\" height=\"683\" data-id=\"211\" src=\"https:\/\/oticaquintino.com.br\/blog\/wp-content\/uploads\/2026\/08\/otica-quintino-higienopolis-cliente-escolhendo-melhor-armacao-1024x683.jpg\" alt=\"\" class=\"wp-image-211\" srcset=\"https:\/\/oticaquintino.com.br\/blog\/wp-content\/uploads\/2026\/08\/otica-quintino-higienopolis-cliente-escolhendo-melhor-armacao-1024x683.jpg 1024w, https:\/\/oticaquintino.com.br\/blog\/wp-content\/uploads\/2026\/08\/otica-quintino-higienopolis-cliente-escolhendo-melhor-armacao-300x200.jpg 300w, https:\/\/oticaquintino.com.br\/blog\/wp-content\/uploads\/2026\/08\/otica-quintino-higienopolis-cliente-escolhendo-melhor-armacao-768x512.jpg 768w, https:\/\/oticaquintino.com.br\/blog\/wp-content\/uploads\/2026\/08\/otica-quintino-higienopolis-cliente-escolhendo-melhor-armacao.jpg 1200w\" sizes=\"auto, (max-width: 1024px) 100vw, 1024px\" \/><\/figure>\n<\/figure>\n\n\n\n<p class=\"wp-block-paragraph\">A escolha depende da receita e das necessidades individuais.<\/p>\n\n\n\n<p class=\"wp-block-paragraph\">Por isso, alguns passos podem ajudar:<\/p>\n\n\n\n<h3 class=\"wp-block-heading\">Conhe\u00e7a sua necessidade visual<\/h3>\n\n\n\n<p class=\"wp-block-paragraph\">A receita \u00e9 o ponto de partida. Ela indica a corre\u00e7\u00e3o necess\u00e1ria, mas n\u00e3o necessariamente descreve toda a sua rotina.<\/p>\n\n\n\n<h3 class=\"wp-block-heading\">Observe suas atividades<\/h3>\n\n\n\n<p class=\"wp-block-paragraph\">Computador, celular, leitura, dire\u00e7\u00e3o, trabalho manual e atividades externas podem exigir diferentes demandas visuais.<\/p>\n\n\n\n<h3 class=\"wp-block-heading\">Converse com um profissional<\/h3>\n\n\n\n<p class=\"wp-block-paragraph\">Explique como voc\u00ea utiliza seus \u00f3culos. Quanto mais informa\u00e7\u00f5es sobre sua rotina, melhor poder\u00e1 ser a orienta\u00e7\u00e3o sobre as op\u00e7\u00f5es dispon\u00edveis.<\/p>\n\n\n\n<h3 class=\"wp-block-heading\">Avalie as tecnologias dispon\u00edveis<\/h3>\n\n\n\n<p class=\"wp-block-paragraph\">Existem diferentes tipos de lentes, tratamentos, materiais e possibilidades de personaliza\u00e7\u00e3o.<\/p>\n\n\n\n<h3 class=\"wp-block-heading\">N\u00e3o escolha apenas pela arma\u00e7\u00e3o<\/h3>\n\n\n\n<p class=\"wp-block-paragraph\">A arma\u00e7\u00e3o faz parte do \u00f3culos, mas a lente tem um papel fundamental na experi\u00eancia visual.<\/p>\n\n\n\n<hr class=\"wp-block-separator has-alpha-channel-opacity\"\/>\n\n\n\n<h2 class=\"wp-block-heading has-large-font-size\">\u00d3tica Quintino: tradi\u00e7\u00e3o e tecnologia para acompanhar a sua vis\u00e3o<\/h2>\n\n\n\n<p class=\"wp-block-paragraph\"><br>Em Londrina, a <strong>\u00d3tica Quintino<\/strong> une mais de 50 anos de hist\u00f3ria com uma proposta voltada para as necessidades visuais atuais.<\/p>\n\n\n\n<figure class=\"wp-block-gallery has-nested-images columns-default is-cropped wp-block-gallery-10 is-layout-flex wp-block-gallery-is-layout-flex\">\n<figure class=\"wp-block-image size-large\"><img loading=\"lazy\" decoding=\"async\" width=\"1024\" height=\"572\" data-id=\"212\" src=\"https:\/\/oticaquintino.com.br\/blog\/wp-content\/uploads\/2026\/08\/Criar_montagem_de_duas_fotos_202609021538-1024x572.jpeg\" alt=\"\" class=\"wp-image-212\" srcset=\"https:\/\/oticaquintino.com.br\/blog\/wp-content\/uploads\/2026\/08\/Criar_montagem_de_duas_fotos_202609021538-1024x572.jpeg 1024w, https:\/\/oticaquintino.com.br\/blog\/wp-content\/uploads\/2026\/08\/Criar_montagem_de_duas_fotos_202609021538-300x167.jpeg 300w, https:\/\/oticaquintino.com.br\/blog\/wp-content\/uploads\/2026\/08\/Criar_montagem_de_duas_fotos_202609021538-767x428.jpeg 767w, https:\/\/oticaquintino.com.br\/blog\/wp-content\/uploads\/2026\/08\/Criar_montagem_de_duas_fotos_202609021538.jpeg 1376w\" sizes=\"auto, (max-width: 1024px) 100vw, 1024px\" \/><\/figure>\n<\/figure>\n\n\n\n<p class=\"wp-block-paragraph\">A experi\u00eancia adquirida ao longo das d\u00e9cadas se encontra com tecnologias modernas em lentes de grau, lentes multifocais e diferentes solu\u00e7\u00f5es \u00f3pticas.<\/p>\n\n\n\n<p class=\"wp-block-paragraph\">A ideia \u00e9 simples:<\/p>\n\n\n\n<p class=\"wp-block-paragraph\"><strong>entender a necessidade do cliente para buscar uma solu\u00e7\u00e3o que fa\u00e7a sentido para sua rotina.<\/strong><\/p>\n\n\n\n<p class=\"wp-block-paragraph\">Porque o mundo mudou.<\/p>\n\n\n\n<p class=\"wp-block-paragraph\">Mudamos a maneira como trabalhamos, estudamos, dirigimos, lemos, nos comunicamos e nos divertimos.<\/p>\n\n\n\n<p class=\"wp-block-paragraph\">E nossos \u00f3culos precisam acompanhar essa transforma\u00e7\u00e3o.<\/p>\n\n\n\n<p class=\"wp-block-paragraph\">Da leitura do jornal ao smartphone.<\/p>\n\n\n\n<p class=\"wp-block-paragraph\">Da televis\u00e3o de tubo \u00e0s telas gigantes.<\/p>\n\n\n\n<p class=\"wp-block-paragraph\">Do painel anal\u00f3gico ao digital.<\/p>\n\n\n\n<p class=\"wp-block-paragraph\"><strong>A tecnologia evoluiu. As lentes evolu\u00edram. E a forma de escolher os \u00f3culos tamb\u00e9m evoluiu.<\/strong><\/p>\n\n\n\n<p class=\"wp-block-paragraph\">Se voc\u00ea est\u00e1 procurando <strong>uma \u00f3tica em Londrina para fazer seus \u00f3culos de grau ou avaliar op\u00e7\u00f5es de lentes multifocais<\/strong>, conhe\u00e7a a \u00d3tica Quintino e converse com nossa equipe sobre as necessidades da sua rotina visual.<\/p>\n\n\n\n<p class=\"wp-block-paragraph\"><strong>\u00d3tica Quintino \u2014 mais de 50 anos em Londrina, acompanhando a evolu\u00e7\u00e3o da sua vis\u00e3o.<\/strong><\/p>\n\n\n\n<hr class=\"wp-block-separator has-alpha-channel-opacity\"\/>\n\n\n\n<h2 class=\"wp-block-heading has-large-font-size\">Perguntas frequentes sobre a evolu\u00e7\u00e3o dos \u00f3culos de grau<\/h2>\n\n\n\n<h3 class=\"wp-block-heading\">Os \u00f3culos de grau evolu\u00edram com a tecnologia?<\/h3>\n\n\n\n<p class=\"wp-block-paragraph\">Sim. A evolu\u00e7\u00e3o aconteceu principalmente nas lentes, que atualmente contam com diferentes materiais, desenhos \u00f3pticos, tratamentos e possibilidades de personaliza\u00e7\u00e3o.<\/p>\n\n\n\n<h3 class=\"wp-block-heading\">O mesmo grau pode usar qualquer tipo de lente?<\/h3>\n\n\n\n<p class=\"wp-block-paragraph\">N\u00e3o necessariamente. Pessoas com receitas semelhantes podem ter necessidades diferentes dependendo de suas atividades, dist\u00e2ncias de trabalho, uso de telas, dire\u00e7\u00e3o e outros fatores.<\/p>\n\n\n\n<h3 class=\"wp-block-heading\">Quem usa muito computador precisa de uma lente diferente?<\/h3>\n\n\n\n<p class=\"wp-block-paragraph\">Depende da necessidade visual de cada pessoa. O uso frequente de computador pode tornar a vis\u00e3o intermedi\u00e1ria particularmente importante, e existem diferentes solu\u00e7\u00f5es \u00f3pticas que podem ser avaliadas para esse tipo de rotina.<\/p>\n\n\n\n<h3 class=\"wp-block-heading\">O que s\u00e3o lentes multifocais?<\/h3>\n\n\n\n<p class=\"wp-block-paragraph\">S\u00e3o lentes que possuem diferentes \u00e1reas de vis\u00e3o para permitir enxergar diferentes dist\u00e2ncias utilizando um \u00fanico par de \u00f3culos.<\/p>\n\n\n\n<h3 class=\"wp-block-heading\">Quem tem mais de 40 anos precisa de lentes multifocais?<\/h3>\n\n\n\n<p class=\"wp-block-paragraph\">N\u00e3o necessariamente. A presbiopia costuma surgir com o avan\u00e7o da idade e pode gerar dificuldade para enxergar de perto, mas a solu\u00e7\u00e3o adequada depende da necessidade visual e da avalia\u00e7\u00e3o individual.<\/p>\n\n\n\n<h3 class=\"wp-block-heading\">Celular pode causar cansa\u00e7o visual?<\/h3>\n\n\n\n<p class=\"wp-block-paragraph\">O uso prolongado de dispositivos digitais pode estar associado a sintomas de fadiga visual, como desconforto, ressecamento, vis\u00e3o borrada e dor de cabe\u00e7a. Pausas, ilumina\u00e7\u00e3o adequada e corre\u00e7\u00e3o visual apropriada podem contribuir para uma experi\u00eancia mais confort\u00e1vel.<\/p>\n\n\n\n<h3 class=\"wp-block-heading\">Como escolher a melhor lente para meus \u00f3culos?<\/h3>\n\n\n\n<p class=\"wp-block-paragraph\">A escolha deve considerar a receita, a rotina, as dist\u00e2ncias de trabalho, o uso de telas, dire\u00e7\u00e3o, leitura e outras necessidades individuais. Uma orienta\u00e7\u00e3o profissional pode ajudar a identificar as op\u00e7\u00f5es mais adequadas.<\/p>\n\n\n\n<h3 class=\"wp-block-heading\">Onde encontrar \u00f3culos de grau em Londrina?<\/h3>\n\n\n\n<p class=\"wp-block-paragraph\">A \u00d3tica Quintino, em Londrina, oferece solu\u00e7\u00f5es em \u00f3culos de grau e lentes, incluindo op\u00e7\u00f5es multifocais e diferentes tecnologias \u00f3pticas para atender \u00e0s necessidades de seus clientes.<\/p>\n","protected":false},"excerpt":{"rendered":"<p>Do jornal ao smartphone: como os \u00f3culos de grau evolu\u00edram com as nossas necessidades visuais Hoje, nossa vis\u00e3o acompanha uma [&hellip;]<\/p>\n","protected":false},"author":1,"featured_media":0,"comment_status":"open","ping_status":"open","sticky":false,"template":"","format":"standard","meta":{"site-sidebar-layout":"default","site-content-layout":"","ast-site-content-layout":"default","site-content-style":"default","site-sidebar-style":"default","ast-global-header-display":"","ast-banner-title-visibility":"","ast-main-header-display":"","ast-hfb-above-header-display":"","ast-hfb-below-header-display":"","ast-hfb-mobile-header-display":"","site-post-title":"disabled","ast-breadcrumbs-content":"","ast-featured-img":"","footer-sml-layout":"","ast-disable-related-posts":"","theme-transparent-header-meta":"","adv-header-id-meta":"","stick-header-meta":"","header-above-stick-meta":"","header-main-stick-meta":"","header-below-stick-meta":"","astra-migrate-meta-layouts":"default","ast-page-background-enabled":"default","ast-page-background-meta":{"desktop":{"background-color":"var(--ast-global-color-5)","background-image":"","background-repeat":"repeat","background-position":"center center","background-size":"auto","background-attachment":"scroll","background-type":"","background-media":"","overlay-type":"","overlay-color":"","overlay-opacity":"","overlay-gradient":""},"tablet":{"background-color":"","background-image":"","background-repeat":"repeat","background-position":"center center","background-size":"auto","background-attachment":"scroll","background-type":"","background-media":"","overlay-type":"","overlay-color":"","overlay-opacity":"","overlay-gradient":""},"mobile":{"background-color":"","background-image":"","background-repeat":"repeat","background-position":"center center","background-size":"auto","background-attachment":"scroll","background-type":"","background-media":"","overlay-type":"","overlay-color":"","overlay-opacity":"","overlay-gradient":""}},"ast-content-background-meta":{"desktop":{"background-color":"var(--ast-global-color-4)","background-image":"","background-repeat":"repeat","background-position":"center center","background-size":"auto","background-attachment":"scroll","background-type":"","background-media":"","overlay-type":"","overlay-color":"","overlay-opacity":"","overlay-gradient":""},"tablet":{"background-color":"var(--ast-global-color-4)","background-image":"","background-repeat":"repeat","background-position":"center center","background-size":"auto","background-attachment":"scroll","background-type":"","background-media":"","overlay-type":"","overlay-color":"","overlay-opacity":"","overlay-gradient":""},"mobile":{"background-color":"var(--ast-global-color-4)","background-image":"","background-repeat":"repeat","background-position":"center center","background-size":"auto","background-attachment":"scroll","background-type":"","background-media":"","overlay-type":"","overlay-color":"","overlay-opacity":"","overlay-gradient":""}},"footnotes":""},"categories":[6],"tags":[],"class_list":["post-185","post","type-post","status-publish","format-standard","hentry","category-lentes-oculos"],"aioseo_notices":[],"aioseo_head":"\n\t\t<!-- All in One SEO 5.0.0.1 - aioseo.com -->\n\t<meta name=\"description\" content=\"Do jornal ao smartphone: como os \u00f3culos de grau evolu\u00edram com as nossas necessidades visuais Hoje, nossa vis\u00e3o acompanha uma rotina muito mais digital.Durante muito tempo, usar \u00f3culos de grau significava principalmente uma coisa: corrigir a vis\u00e3o para enxergar melhor. Na d\u00e9cada de 1980, por exemplo, uma pessoa podia usar seus \u00f3culos para ler o\" \/>\n\t<meta name=\"robots\" content=\"max-image-preview:large\" \/>\n\t<meta name=\"author\" content=\"mhcassa\"\/>\n\t<link rel=\"canonical\" href=\"https:\/\/oticaquintino.com.br\/blog\/oculos-de-grau-em-londrina-evolucao-das-lentes-e-da-visao\/\" \/>\n\t<meta name=\"generator\" content=\"All in One SEO (AIOSEO) 5.0.0.1\" \/>\n\t\t<meta property=\"og:locale\" content=\"pt_BR\" \/>\n\t\t<meta property=\"og:site_name\" content=\"Blog Otica Quintino -\" \/>\n\t\t<meta property=\"og:type\" content=\"article\" \/>\n\t\t<meta property=\"og:title\" content=\"oculos-de-grau-em-londrina-evolucao-das-lentes-e-da-visao - Blog Otica Quintino\" \/>\n\t\t<meta property=\"og:description\" content=\"Do jornal ao smartphone: como os \u00f3culos de grau evolu\u00edram com as nossas necessidades visuais Hoje, nossa vis\u00e3o acompanha uma rotina muito mais digital.Durante muito tempo, usar \u00f3culos de grau significava principalmente uma coisa: corrigir a vis\u00e3o para enxergar melhor. Na d\u00e9cada de 1980, por exemplo, uma pessoa podia usar seus \u00f3culos para ler o\" \/>\n\t\t<meta property=\"og:url\" content=\"https:\/\/oticaquintino.com.br\/blog\/oculos-de-grau-em-londrina-evolucao-das-lentes-e-da-visao\/\" \/>\n\t\t<meta property=\"og:image\" content=\"https:\/\/oticaquintino.com.br\/blog\/wp-content\/uploads\/2026\/08\/cropped-logo-lockup-positivo.png\" \/>\n\t\t<meta property=\"og:image:secure_url\" content=\"https:\/\/oticaquintino.com.br\/blog\/wp-content\/uploads\/2026\/08\/cropped-logo-lockup-positivo.png\" \/>\n\t\t<meta property=\"article:published_time\" content=\"2026-08-28T18:07:28+00:00\" \/>\n\t\t<meta property=\"article:modified_time\" content=\"2026-09-02T19:27:08+00:00\" \/>\n\t\t<meta name=\"twitter:card\" content=\"summary_large_image\" \/>\n\t\t<meta name=\"twitter:title\" content=\"oculos-de-grau-em-londrina-evolucao-das-lentes-e-da-visao - Blog Otica Quintino\" \/>\n\t\t<meta name=\"twitter:description\" content=\"Do jornal ao smartphone: como os \u00f3culos de grau evolu\u00edram com as nossas necessidades visuais Hoje, nossa vis\u00e3o acompanha uma rotina muito mais digital.Durante muito tempo, usar \u00f3culos de grau significava principalmente uma coisa: corrigir a vis\u00e3o para enxergar melhor. Na d\u00e9cada de 1980, por exemplo, uma pessoa podia usar seus \u00f3culos para ler o\" \/>\n\t\t<meta name=\"twitter:image\" content=\"https:\/\/oticaquintino.com.br\/blog\/wp-content\/uploads\/2026\/08\/cropped-logo-lockup-positivo.png\" \/>\n\t\t<script type=\"application\/ld+json\" class=\"aioseo-schema\">\n\t\t\t{\"@context\":\"https:\\\/\\\/schema.org\",\"@graph\":[{\"@type\":\"BlogPosting\",\"@id\":\"https:\\\/\\\/oticaquintino.com.br\\\/blog\\\/oculos-de-grau-em-londrina-evolucao-das-lentes-e-da-visao\\\/#blogposting\",\"name\":\"oculos-de-grau-em-londrina-evolucao-das-lentes-e-da-visao - Blog Otica Quintino\",\"headline\":\"oculos-de-grau-em-londrina-evolucao-das-lentes-e-da-visao\",\"author\":{\"@id\":\"https:\\\/\\\/oticaquintino.com.br\\\/blog\\\/author\\\/mhcassa\\\/#author\"},\"publisher\":{\"@id\":\"https:\\\/\\\/oticaquintino.com.br\\\/blog\\\/#organization\"},\"image\":{\"@type\":\"ImageObject\",\"url\":\"https:\\\/\\\/oticaquintino.com.br\\\/blog\\\/wp-content\\\/uploads\\\/2026\\\/08\\\/banca-de-jornal-decada-80-pessoas-lendo-oculos-de-grau-1.jpg\",\"@id\":\"https:\\\/\\\/oticaquintino.com.br\\\/blog\\\/oculos-de-grau-em-londrina-evolucao-das-lentes-e-da-visao\\\/#articleImage\",\"width\":1200,\"height\":896},\"datePublished\":\"2026-08-28T18:07:28+00:00\",\"dateModified\":\"2026-09-02T19:27:08+00:00\",\"inLanguage\":\"pt-BR\",\"mainEntityOfPage\":{\"@id\":\"https:\\\/\\\/oticaquintino.com.br\\\/blog\\\/oculos-de-grau-em-londrina-evolucao-das-lentes-e-da-visao\\\/#webpage\"},\"isPartOf\":{\"@id\":\"https:\\\/\\\/oticaquintino.com.br\\\/blog\\\/oculos-de-grau-em-londrina-evolucao-das-lentes-e-da-visao\\\/#webpage\"},\"articleSection\":\"Lentes &amp; \\u00d3culos\"},{\"@type\":\"BreadcrumbList\",\"@id\":\"https:\\\/\\\/oticaquintino.com.br\\\/blog\\\/oculos-de-grau-em-londrina-evolucao-das-lentes-e-da-visao\\\/#breadcrumblist\",\"itemListElement\":[{\"@type\":\"ListItem\",\"@id\":\"https:\\\/\\\/oticaquintino.com.br\\\/blog#listItem\",\"position\":1,\"name\":\"Home\",\"item\":\"https:\\\/\\\/oticaquintino.com.br\\\/blog\",\"nextItem\":{\"@type\":\"ListItem\",\"@id\":\"https:\\\/\\\/oticaquintino.com.br\\\/blog\\\/category\\\/lentes-oculos\\\/#listItem\",\"name\":\"Lentes &amp; \\u00d3culos\"}},{\"@type\":\"ListItem\",\"@id\":\"https:\\\/\\\/oticaquintino.com.br\\\/blog\\\/category\\\/lentes-oculos\\\/#listItem\",\"position\":2,\"name\":\"Lentes &amp; \\u00d3culos\",\"item\":\"https:\\\/\\\/oticaquintino.com.br\\\/blog\\\/category\\\/lentes-oculos\\\/\",\"nextItem\":{\"@type\":\"ListItem\",\"@id\":\"https:\\\/\\\/oticaquintino.com.br\\\/blog\\\/oculos-de-grau-em-londrina-evolucao-das-lentes-e-da-visao\\\/#listItem\",\"name\":\"oculos-de-grau-em-londrina-evolucao-das-lentes-e-da-visao\"},\"previousItem\":{\"@type\":\"ListItem\",\"@id\":\"https:\\\/\\\/oticaquintino.com.br\\\/blog#listItem\",\"name\":\"Home\"}},{\"@type\":\"ListItem\",\"@id\":\"https:\\\/\\\/oticaquintino.com.br\\\/blog\\\/oculos-de-grau-em-londrina-evolucao-das-lentes-e-da-visao\\\/#listItem\",\"position\":3,\"name\":\"oculos-de-grau-em-londrina-evolucao-das-lentes-e-da-visao\",\"previousItem\":{\"@type\":\"ListItem\",\"@id\":\"https:\\\/\\\/oticaquintino.com.br\\\/blog\\\/category\\\/lentes-oculos\\\/#listItem\",\"name\":\"Lentes &amp; \\u00d3culos\"}}]},{\"@type\":\"Organization\",\"@id\":\"https:\\\/\\\/oticaquintino.com.br\\\/blog\\\/#organization\",\"name\":\"Blog Otica Quintino\",\"url\":\"https:\\\/\\\/oticaquintino.com.br\\\/blog\\\/\",\"logo\":{\"@type\":\"ImageObject\",\"url\":\"https:\\\/\\\/oticaquintino.com.br\\\/blog\\\/wp-content\\\/uploads\\\/2026\\\/08\\\/cropped-logo-lockup-positivo.png\",\"@id\":\"https:\\\/\\\/oticaquintino.com.br\\\/blog\\\/oculos-de-grau-em-londrina-evolucao-das-lentes-e-da-visao\\\/#organizationLogo\",\"width\":1362,\"height\":559},\"image\":{\"@id\":\"https:\\\/\\\/oticaquintino.com.br\\\/blog\\\/oculos-de-grau-em-londrina-evolucao-das-lentes-e-da-visao\\\/#organizationLogo\"}},{\"@type\":\"Person\",\"@id\":\"https:\\\/\\\/oticaquintino.com.br\\\/blog\\\/author\\\/mhcassa\\\/#author\",\"url\":\"https:\\\/\\\/oticaquintino.com.br\\\/blog\\\/author\\\/mhcassa\\\/\",\"name\":\"mhcassa\",\"image\":{\"@type\":\"ImageObject\",\"@id\":\"https:\\\/\\\/oticaquintino.com.br\\\/blog\\\/oculos-de-grau-em-londrina-evolucao-das-lentes-e-da-visao\\\/#authorImage\",\"url\":\"https:\\\/\\\/secure.gravatar.com\\\/avatar\\\/e7372b2a22910a57cc273abc54da1ae7c600cd221d11eec1c165d98f59f53911?s=96&d=mm&r=g\",\"width\":96,\"height\":96,\"caption\":\"mhcassa\"}},{\"@type\":\"WebPage\",\"@id\":\"https:\\\/\\\/oticaquintino.com.br\\\/blog\\\/oculos-de-grau-em-londrina-evolucao-das-lentes-e-da-visao\\\/#webpage\",\"url\":\"https:\\\/\\\/oticaquintino.com.br\\\/blog\\\/oculos-de-grau-em-londrina-evolucao-das-lentes-e-da-visao\\\/\",\"name\":\"oculos-de-grau-em-londrina-evolucao-das-lentes-e-da-visao - Blog Otica Quintino\",\"description\":\"Do jornal ao smartphone: como os \\u00f3culos de grau evolu\\u00edram com as nossas necessidades visuais Hoje, nossa vis\\u00e3o acompanha uma rotina muito mais digital.Durante muito tempo, usar \\u00f3culos de grau significava principalmente uma coisa: corrigir a vis\\u00e3o para enxergar melhor. Na d\\u00e9cada de 1980, por exemplo, uma pessoa podia usar seus \\u00f3culos para ler o\",\"inLanguage\":\"pt-BR\",\"isPartOf\":{\"@id\":\"https:\\\/\\\/oticaquintino.com.br\\\/blog\\\/#website\"},\"breadcrumb\":{\"@id\":\"https:\\\/\\\/oticaquintino.com.br\\\/blog\\\/oculos-de-grau-em-londrina-evolucao-das-lentes-e-da-visao\\\/#breadcrumblist\"},\"author\":{\"@id\":\"https:\\\/\\\/oticaquintino.com.br\\\/blog\\\/author\\\/mhcassa\\\/#author\"},\"creator\":{\"@id\":\"https:\\\/\\\/oticaquintino.com.br\\\/blog\\\/author\\\/mhcassa\\\/#author\"},\"datePublished\":\"2026-08-28T18:07:28+00:00\",\"dateModified\":\"2026-09-02T19:27:08+00:00\"},{\"@type\":\"WebSite\",\"@id\":\"https:\\\/\\\/oticaquintino.com.br\\\/blog\\\/#website\",\"url\":\"https:\\\/\\\/oticaquintino.com.br\\\/blog\\\/\",\"name\":\"Blog Otica Quintino\",\"inLanguage\":\"pt-BR\",\"publisher\":{\"@id\":\"https:\\\/\\\/oticaquintino.com.br\\\/blog\\\/#organization\"}}]}\n\t\t<\/script>\n\t\t<!-- All in One SEO -->\n\n","aioseo_head_json":{"title":"oculos-de-grau-em-londrina-evolucao-das-lentes-e-da-visao - Blog Otica Quintino","description":"Do jornal ao smartphone: como os \u00f3culos de grau evolu\u00edram com as nossas necessidades visuais Hoje, nossa vis\u00e3o acompanha uma rotina muito mais digital.Durante muito tempo, usar \u00f3culos de grau significava principalmente uma coisa: corrigir a vis\u00e3o para enxergar melhor. Na d\u00e9cada de 1980, por exemplo, uma pessoa podia usar seus \u00f3culos para ler o","canonical_url":"https:\/\/oticaquintino.com.br\/blog\/oculos-de-grau-em-londrina-evolucao-das-lentes-e-da-visao\/","robots":"max-image-preview:large","keywords":"","webmasterTools":{"miscellaneous":""},"schema":{"@context":"https:\/\/schema.org","@graph":[{"@type":"BlogPosting","@id":"https:\/\/oticaquintino.com.br\/blog\/oculos-de-grau-em-londrina-evolucao-das-lentes-e-da-visao\/#blogposting","name":"oculos-de-grau-em-londrina-evolucao-das-lentes-e-da-visao - Blog Otica Quintino","headline":"oculos-de-grau-em-londrina-evolucao-das-lentes-e-da-visao","author":{"@id":"https:\/\/oticaquintino.com.br\/blog\/author\/mhcassa\/#author"},"publisher":{"@id":"https:\/\/oticaquintino.com.br\/blog\/#organization"},"image":{"@type":"ImageObject","url":"https:\/\/oticaquintino.com.br\/blog\/wp-content\/uploads\/2026\/08\/banca-de-jornal-decada-80-pessoas-lendo-oculos-de-grau-1.jpg","@id":"https:\/\/oticaquintino.com.br\/blog\/oculos-de-grau-em-londrina-evolucao-das-lentes-e-da-visao\/#articleImage","width":1200,"height":896},"datePublished":"2026-08-28T18:07:28+00:00","dateModified":"2026-09-02T19:27:08+00:00","inLanguage":"pt-BR","mainEntityOfPage":{"@id":"https:\/\/oticaquintino.com.br\/blog\/oculos-de-grau-em-londrina-evolucao-das-lentes-e-da-visao\/#webpage"},"isPartOf":{"@id":"https:\/\/oticaquintino.com.br\/blog\/oculos-de-grau-em-londrina-evolucao-das-lentes-e-da-visao\/#webpage"},"articleSection":"Lentes &amp; \u00d3culos"},{"@type":"BreadcrumbList","@id":"https:\/\/oticaquintino.com.br\/blog\/oculos-de-grau-em-londrina-evolucao-das-lentes-e-da-visao\/#breadcrumblist","itemListElement":[{"@type":"ListItem","@id":"https:\/\/oticaquintino.com.br\/blog#listItem","position":1,"name":"Home","item":"https:\/\/oticaquintino.com.br\/blog","nextItem":{"@type":"ListItem","@id":"https:\/\/oticaquintino.com.br\/blog\/category\/lentes-oculos\/#listItem","name":"Lentes &amp; \u00d3culos"}},{"@type":"ListItem","@id":"https:\/\/oticaquintino.com.br\/blog\/category\/lentes-oculos\/#listItem","position":2,"name":"Lentes &amp; \u00d3culos","item":"https:\/\/oticaquintino.com.br\/blog\/category\/lentes-oculos\/","nextItem":{"@type":"ListItem","@id":"https:\/\/oticaquintino.com.br\/blog\/oculos-de-grau-em-londrina-evolucao-das-lentes-e-da-visao\/#listItem","name":"oculos-de-grau-em-londrina-evolucao-das-lentes-e-da-visao"},"previousItem":{"@type":"ListItem","@id":"https:\/\/oticaquintino.com.br\/blog#listItem","name":"Home"}},{"@type":"ListItem","@id":"https:\/\/oticaquintino.com.br\/blog\/oculos-de-grau-em-londrina-evolucao-das-lentes-e-da-visao\/#listItem","position":3,"name":"oculos-de-grau-em-londrina-evolucao-das-lentes-e-da-visao","previousItem":{"@type":"ListItem","@id":"https:\/\/oticaquintino.com.br\/blog\/category\/lentes-oculos\/#listItem","name":"Lentes &amp; \u00d3culos"}}]},{"@type":"Organization","@id":"https:\/\/oticaquintino.com.br\/blog\/#organization","name":"Blog Otica Quintino","url":"https:\/\/oticaquintino.com.br\/blog\/","logo":{"@type":"ImageObject","url":"https:\/\/oticaquintino.com.br\/blog\/wp-content\/uploads\/2026\/08\/cropped-logo-lockup-positivo.png","@id":"https:\/\/oticaquintino.com.br\/blog\/oculos-de-grau-em-londrina-evolucao-das-lentes-e-da-visao\/#organizationLogo","width":1362,"height":559},"image":{"@id":"https:\/\/oticaquintino.com.br\/blog\/oculos-de-grau-em-londrina-evolucao-das-lentes-e-da-visao\/#organizationLogo"}},{"@type":"Person","@id":"https:\/\/oticaquintino.com.br\/blog\/author\/mhcassa\/#author","url":"https:\/\/oticaquintino.com.br\/blog\/author\/mhcassa\/","name":"mhcassa","image":{"@type":"ImageObject","@id":"https:\/\/oticaquintino.com.br\/blog\/oculos-de-grau-em-londrina-evolucao-das-lentes-e-da-visao\/#authorImage","url":"https:\/\/secure.gravatar.com\/avatar\/e7372b2a22910a57cc273abc54da1ae7c600cd221d11eec1c165d98f59f53911?s=96&d=mm&r=g","width":96,"height":96,"caption":"mhcassa"}},{"@type":"WebPage","@id":"https:\/\/oticaquintino.com.br\/blog\/oculos-de-grau-em-londrina-evolucao-das-lentes-e-da-visao\/#webpage","url":"https:\/\/oticaquintino.com.br\/blog\/oculos-de-grau-em-londrina-evolucao-das-lentes-e-da-visao\/","name":"oculos-de-grau-em-londrina-evolucao-das-lentes-e-da-visao - Blog Otica Quintino","description":"Do jornal ao smartphone: como os \u00f3culos de grau evolu\u00edram com as nossas necessidades visuais Hoje, nossa vis\u00e3o acompanha uma rotina muito mais digital.Durante muito tempo, usar \u00f3culos de grau significava principalmente uma coisa: corrigir a vis\u00e3o para enxergar melhor. Na d\u00e9cada de 1980, por exemplo, uma pessoa podia usar seus \u00f3culos para ler o","inLanguage":"pt-BR","isPartOf":{"@id":"https:\/\/oticaquintino.com.br\/blog\/#website"},"breadcrumb":{"@id":"https:\/\/oticaquintino.com.br\/blog\/oculos-de-grau-em-londrina-evolucao-das-lentes-e-da-visao\/#breadcrumblist"},"author":{"@id":"https:\/\/oticaquintino.com.br\/blog\/author\/mhcassa\/#author"},"creator":{"@id":"https:\/\/oticaquintino.com.br\/blog\/author\/mhcassa\/#author"},"datePublished":"2026-08-28T18:07:28+00:00","dateModified":"2026-09-02T19:27:08+00:00"},{"@type":"WebSite","@id":"https:\/\/oticaquintino.com.br\/blog\/#website","url":"https:\/\/oticaquintino.com.br\/blog\/","name":"Blog Otica Quintino","inLanguage":"pt-BR","publisher":{"@id":"https:\/\/oticaquintino.com.br\/blog\/#organization"}}]},"og:locale":"pt_BR","og:site_name":"Blog Otica Quintino -","og:type":"article","og:title":"oculos-de-grau-em-londrina-evolucao-das-lentes-e-da-visao - Blog Otica Quintino","og:description":"Do jornal ao smartphone: como os \u00f3culos de grau evolu\u00edram com as nossas necessidades visuais Hoje, nossa vis\u00e3o acompanha uma rotina muito mais digital.Durante muito tempo, usar \u00f3culos de grau significava principalmente uma coisa: corrigir a vis\u00e3o para enxergar melhor. Na d\u00e9cada de 1980, por exemplo, uma pessoa podia usar seus \u00f3culos para ler o","og:url":"https:\/\/oticaquintino.com.br\/blog\/oculos-de-grau-em-londrina-evolucao-das-lentes-e-da-visao\/","og:image":"https:\/\/oticaquintino.com.br\/blog\/wp-content\/uploads\/2026\/08\/cropped-logo-lockup-positivo.png","og:image:secure_url":"https:\/\/oticaquintino.com.br\/blog\/wp-content\/uploads\/2026\/08\/cropped-logo-lockup-positivo.png","article:published_time":"2026-08-28T18:07:28+00:00","article:modified_time":"2026-09-02T19:27:08+00:00","twitter:card":"summary_large_image","twitter:title":"oculos-de-grau-em-londrina-evolucao-das-lentes-e-da-visao - Blog Otica Quintino","twitter:description":"Do jornal ao smartphone: como os \u00f3culos de grau evolu\u00edram com as nossas necessidades visuais Hoje, nossa vis\u00e3o acompanha uma rotina muito mais digital.Durante muito tempo, usar \u00f3culos de grau significava principalmente uma coisa: corrigir a vis\u00e3o para enxergar melhor. Na d\u00e9cada de 1980, por exemplo, uma pessoa podia usar seus \u00f3culos para ler o","twitter:image":"https:\/\/oticaquintino.com.br\/blog\/wp-content\/uploads\/2026\/08\/cropped-logo-lockup-positivo.png"},"aioseo_meta_data":{"post_id":"185","title":null,"description":null,"keywords":null,"keyphrases":{"focus":{"keyphrase":"","score":0,"analysis":{"keyphraseInTitle":{"score":0,"maxScore":9,"error":1}}},"additional":[]},"focus_keyword":null,"additional_keywords":null,"truseo_locale":null,"primary_term":null,"canonical_url":null,"og_title":null,"og_description":null,"og_object_type":"default","og_image_type":"default","og_image_custom_url":null,"og_image_custom_fields":null,"og_image_url":null,"og_image_width":null,"og_image_height":null,"og_video":"","og_custom_url":null,"og_article_section":null,"og_article_tags":null,"twitter_use_og":false,"twitter_card":"default","twitter_image_type":"default","twitter_image_custom_url":null,"twitter_image_custom_fields":null,"twitter_image_url":null,"twitter_title":null,"twitter_description":null,"schema_type":"default","schema_type_options":null,"schema":{"blockGraphs":[],"customGraphs":[],"default":{"data":{"Article":[],"Course":[],"Dataset":[],"FAQPage":[],"Movie":[],"Person":[],"Product":[],"ProductReview":[],"Car":[],"Recipe":[],"Service":[],"SoftwareApplication":[],"WebPage":[]},"graphName":"BlogPosting","isEnabled":true},"graphs":[]},"pillar_content":false,"robots_default":true,"robots_noindex":false,"robots_noarchive":false,"robots_nosnippet":false,"robots_nofollow":false,"robots_noimageindex":false,"robots_noodp":false,"robots_notranslate":false,"robots_max_snippet":"-1","robots_max_videopreview":"-1","robots_max_imagepreview":"large","priority":null,"frequency":"default","local_seo":null,"limit_modified_date":false,"ai":{"faqs":[],"keyPoints":[],"schemas":[],"titles":[],"descriptions":[],"socialPosts":{"email":{"subject":"","preview":"","content":""},"linkedin":[],"twitter":[],"facebook":[],"instagram":[]}},"breadcrumb_settings":null,"seo_analyzer_scan_date":null,"created":"2026-08-28 18:07:54","updated":"2026-09-02 20:21:48"},"aioseo_breadcrumb":"<div class=\"aioseo-breadcrumbs\"><span class=\"aioseo-breadcrumb\">\n\t\t\t<a href=\"https:\/\/oticaquintino.com.br\/blog\" title=\"Home\">Home<\/a>\n\t\t<\/span><span class=\"aioseo-breadcrumb-separator\">&raquo;<\/span><span class=\"aioseo-breadcrumb\">\n\t\t\t<a href=\"https:\/\/oticaquintino.com.br\/blog\/category\/lentes-oculos\/\" title=\"Lentes &amp; \u00d3culos\">Lentes &amp; \u00d3culos<\/a>\n\t\t<\/span><span class=\"aioseo-breadcrumb-separator\">&raquo;<\/span><span class=\"aioseo-breadcrumb\">\n\t\t\toculos-de-grau-em-londrina-evolucao-das-lentes-e-da-visao\n\t\t<\/span><\/div>","aioseo_breadcrumb_json":[{"label":"Home","link":"https:\/\/oticaquintino.com.br\/blog"},{"label":"Lentes &amp; \u00d3culos","link":"https:\/\/oticaquintino.com.br\/blog\/category\/lentes-oculos\/"},{"label":"oculos-de-grau-em-londrina-evolucao-das-lentes-e-da-visao","link":"https:\/\/oticaquintino.com.br\/blog\/oculos-de-grau-em-londrina-evolucao-das-lentes-e-da-visao\/"}],"_links":{"self":[{"href":"https:\/\/oticaquintino.com.br\/blog\/wp-json\/wp\/v2\/posts\/185","targetHints":{"allow":["GET"]}}],"collection":[{"href":"https:\/\/oticaquintino.com.br\/blog\/wp-json\/wp\/v2\/posts"}],"about":[{"href":"https:\/\/oticaquintino.com.br\/blog\/wp-json\/wp\/v2\/types\/post"}],"author":[{"embeddable":true,"href":"https:\/\/oticaquintino.com.br\/blog\/wp-json\/wp\/v2\/users\/1"}],"replies":[{"embeddable":true,"href":"https:\/\/oticaquintino.com.br\/blog\/wp-json\/wp\/v2\/comments?post=185"}],"version-history":[{"count":4,"href":"https:\/\/oticaquintino.com.br\/blog\/wp-json\/wp\/v2\/posts\/185\/revisions"}],"predecessor-version":[{"id":221,"href":"https:\/\/oticaquintino.com.br\/blog\/wp-json\/wp\/v2\/posts\/185\/revisions\/221"}],"wp:attachment":[{"href":"https:\/\/oticaquintino.com.br\/blog\/wp-json\/wp\/v2\/media?parent=185"}],"wp:term":[{"taxonomy":"category","embeddable":true,"href":"https:\/\/oticaquintino.com.br\/blog\/wp-json\/wp\/v2\/categories?post=185"},{"taxonomy":"post_tag","embeddable":true,"href":"https:\/\/oticaquintino.com.br\/blog\/wp-json\/wp\/v2\/tags?post=185"}],"curies":[{"name":"wp","href":"https:\/\/api.w.org\/{rel}","templated":true}]}}