{"id":89,"date":"2026-08-28T01:07:38","date_gmt":"2026-08-28T01:07:38","guid":{"rendered":"https:\/\/oticaquintino.com.br\/blog\/?p=89"},"modified":"2026-08-28T01:07:38","modified_gmt":"2026-08-28T01:07:38","slug":"como-escolher-a-lente-de-grau-certa-sem-sair-de-maos-vazias","status":"publish","type":"post","link":"https:\/\/oticaquintino.com.br\/blog\/como-escolher-a-lente-de-grau-certa-sem-sair-de-maos-vazias\/","title":{"rendered":"Como escolher a lente de grau certa (sem sair de m\u00e3os vazias)"},"content":{"rendered":"\n<p class=\"wp-block-paragraph\">Na hora de fechar o pedido, aparecem op\u00e7\u00f5es demais: antirreflexo, fotossens\u00edvel, lente fina, prote\u00e7\u00e3o de luz azul. Cada uma resolve um problema diferente \u2014 e nem sempre o vendedor explica qual faz sentido pro seu caso. Este guia \u00e9 pra voc\u00ea sair sabendo o que est\u00e1 levando, n\u00e3o s\u00f3 o pre\u00e7o.<\/p>\n\n\n\n<p class=\"wp-block-paragraph\"><strong>Antirreflexo<\/strong><\/p>\n\n\n\n<p class=\"wp-block-paragraph\">Reduz o brilho refletido na lente \u2014 aquele reflexo que aparece em foto com flash ou na luz do farol \u00e0 noite. Al\u00e9m de melhorar a vis\u00e3o em ambientes com muita luz, deixa os olhos mais vis\u00edveis (sem aquele &#8220;espelho&#8221; na lente). Praticamente virou padr\u00e3o hoje em dia, mesmo pra quem usa pouco o \u00f3culos.<\/p>\n\n\n\n<p class=\"wp-block-paragraph\"><strong>Fotossens\u00edvel<\/strong><\/p>\n\n\n\n<p class=\"wp-block-paragraph\">Escurece automaticamente na claridade e volta ao normal em ambiente fechado. Vale a pena pra quem circula bastante na rua durante o dia e n\u00e3o quer carregar dois \u00f3culos (grau + sol). N\u00e3o substitui o \u00f3culos de sol em atividades como dirigir com sol forte de frente, porque a maioria n\u00e3o escurece direito dentro do carro (o para-brisa filtra o UV que ativa a lente).<\/p>\n\n\n\n<p class=\"wp-block-paragraph\"><strong>Lente fina (alto \u00edndice)<\/strong><\/p>\n\n\n\n<p class=\"wp-block-paragraph\">Quanto maior o grau, mais grossa a lente fica na fabrica\u00e7\u00e3o padr\u00e3o. A vers\u00e3o &#8220;fina&#8221; usa um material de \u00edndice de refra\u00e7\u00e3o mais alto, que permite a mesma corre\u00e7\u00e3o numa lente mais achatada e mais leve. Faz diferen\u00e7a real pra quem tem grau alto \u2014 pra grau baixo, o ganho \u00e9 pequeno e n\u00e3o costuma justificar o custo extra.<\/p>\n\n\n\n<p class=\"wp-block-paragraph\"><strong>Prote\u00e7\u00e3o de luz azul<\/strong><\/p>\n\n\n\n<p class=\"wp-block-paragraph\">Filtra parte da luz emitida por telas (computador, celular). O efeito sobre cansa\u00e7o visual varia de pessoa pra pessoa \u2014 quem passa o dia inteiro na tela costuma notar diferen\u00e7a, principalmente no fim do dia.<\/p>\n\n\n\n<p class=\"wp-block-paragraph\"><strong>Como decidir sem complicar<\/strong><\/p>\n\n\n\n<p class=\"wp-block-paragraph\">Pensa na sua rotina, n\u00e3o na lista de recursos. Trabalha em frente a tela o dia todo? Antirreflexo entra praticamente por padr\u00e3o, luz azul \u00e9 um complemento a considerar. Passa muito tempo na rua? Fotossens\u00edvel economiza carregar dois \u00f3culos. Grau alto? Vale perguntar sobre lente fina, porque o resultado no rosto (e o peso) muda bastante. Nossa equipe \u00e9 formada em \u00d3ptica e Optometria e ajuda a cruzar isso com sua receita na hora da compra \u2014 sem for\u00e7ar pacote fechado.<\/p>\n\n\n\n<p class=\"wp-block-paragraph\"><strong>Perguntas frequentes<\/strong><\/p>\n\n\n\n<p class=\"wp-block-paragraph\"><em>Lente mais cara \u00e9 sempre a melhor escolha?<\/em><br>N\u00e3o necessariamente. Uma lente cheia de recursos que voc\u00ea n\u00e3o usa \u00e9 dinheiro parado. O caminho \u00e9 combinar recurso com rotina real.<\/p>\n\n\n\n<p class=\"wp-block-paragraph\"><em>Preciso trocar a arma\u00e7\u00e3o junto?<\/em><br>N\u00e3o, d\u00e1 pra montar lente nova numa arma\u00e7\u00e3o que voc\u00ea j\u00e1 tem, desde que ela esteja em bom estado.<\/p>\n\n\n\n<p class=\"wp-block-paragraph\"><em>Sai pronto no mesmo dia?<\/em><br>N\u00e3o \u2014 a fabrica\u00e7\u00e3o da lente leva alguns dias. O que acontece na hora \u00e9 o atendimento: voc\u00ea chega sem hora marcada, tira todas as d\u00favidas, decide a lente certa e j\u00e1 sai com o pedido fechado, sem precisar agendar nada.<\/p>\n\n\n\n<p class=\"wp-block-paragraph\"><em>D\u00e1 pra combinar mais de um recurso na mesma lente?<\/em><br>Sim, os tratamentos (antirreflexo, fotossens\u00edvel, luz azul, lente fina) s\u00e3o combin\u00e1veis entre si.<\/p>\n\n\n\n<p class=\"wp-block-paragraph\">Pode aparecer sem hora marcada na Av. Higien\u00f3polis, 183, com a receita em m\u00e3os, que a gente ajuda a montar a lente certa pro seu dia a dia.<\/p>\n\n\n\n<p class=\"wp-block-paragraph\"><\/p>\n","protected":false},"excerpt":{"rendered":"<p>Na hora de fechar o pedido, aparecem op\u00e7\u00f5es demais: antirreflexo, fotossens\u00edvel, lente fina, prote\u00e7\u00e3o de luz azul. Cada uma resolve [&hellip;]<\/p>\n","protected":false},"author":1,"featured_media":90,"comment_status":"open","ping_status":"open","sticky":false,"template":"","format":"standard","meta":{"site-sidebar-layout":"default","site-content-layout":"","ast-site-content-layout":"default","site-content-style":"default","site-sidebar-style":"default","ast-global-header-display":"","ast-banner-title-visibility":"","ast-main-header-display":"","ast-hfb-above-header-display":"","ast-hfb-below-header-display":"","ast-hfb-mobile-header-display":"","site-post-title":"","ast-breadcrumbs-content":"","ast-featured-img":"","footer-sml-layout":"","ast-disable-related-posts":"","theme-transparent-header-meta":"","adv-header-id-meta":"","stick-header-meta":"","header-above-stick-meta":"","header-main-stick-meta":"","header-below-stick-meta":"","astra-migrate-meta-layouts":"default","ast-page-background-enabled":"default","ast-page-background-meta":{"desktop":{"background-color":"var(--ast-global-color-5)","background-image":"","background-repeat":"repeat","background-position":"center center","background-size":"auto","background-attachment":"scroll","background-type":"","background-media":"","overlay-type":"","overlay-color":"","overlay-opacity":"","overlay-gradient":""},"tablet":{"background-color":"","background-image":"","background-repeat":"repeat","background-position":"center center","background-size":"auto","background-attachment":"scroll","background-type":"","background-media":"","overlay-type":"","overlay-color":"","overlay-opacity":"","overlay-gradient":""},"mobile":{"background-color":"","background-image":"","background-repeat":"repeat","background-position":"center center","background-size":"auto","background-attachment":"scroll","background-type":"","background-media":"","overlay-type":"","overlay-color":"","overlay-opacity":"","overlay-gradient":""}},"ast-content-background-meta":{"desktop":{"background-color":"var(--ast-global-color-4)","background-image":"","background-repeat":"repeat","background-position":"center center","background-size":"auto","background-attachment":"scroll","background-type":"","background-media":"","overlay-type":"","overlay-color":"","overlay-opacity":"","overlay-gradient":""},"tablet":{"background-color":"var(--ast-global-color-4)","background-image":"","background-repeat":"repeat","background-position":"center center","background-size":"auto","background-attachment":"scroll","background-type":"","background-media":"","overlay-type":"","overlay-color":"","overlay-opacity":"","overlay-gradient":""},"mobile":{"background-color":"var(--ast-global-color-4)","background-image":"","background-repeat":"repeat","background-position":"center center","background-size":"auto","background-attachment":"scroll","background-type":"","background-media":"","overlay-type":"","overlay-color":"","overlay-opacity":"","overlay-gradient":""}},"footnotes":""},"categories":[6],"tags":[],"class_list":["post-89","post","type-post","status-publish","format-standard","has-post-thumbnail","hentry","category-lentes-oculos"],"aioseo_notices":[],"aioseo_head":"\n\t\t<!-- All in One SEO 5.0.0.1 - aioseo.com -->\n\t<meta name=\"description\" content=\"Na hora de fechar o pedido, aparecem op\u00e7\u00f5es demais: antirreflexo, fotossens\u00edvel, lente fina, prote\u00e7\u00e3o de luz azul. Cada uma resolve um problema diferente \u2014 e nem sempre o vendedor explica qual faz sentido pro seu caso. Este guia \u00e9 pra voc\u00ea sair sabendo o que est\u00e1 levando, n\u00e3o s\u00f3 o pre\u00e7o. Antirreflexo Reduz o brilho\" \/>\n\t<meta name=\"robots\" content=\"max-image-preview:large\" \/>\n\t<meta name=\"author\" content=\"mhcassa\"\/>\n\t<link rel=\"canonical\" href=\"https:\/\/oticaquintino.com.br\/blog\/como-escolher-a-lente-de-grau-certa-sem-sair-de-maos-vazias\/\" \/>\n\t<meta name=\"generator\" content=\"All in One SEO (AIOSEO) 5.0.0.1\" \/>\n\t\t<meta property=\"og:locale\" content=\"pt_BR\" \/>\n\t\t<meta property=\"og:site_name\" content=\"Blog Otica Quintino -\" \/>\n\t\t<meta property=\"og:type\" content=\"article\" \/>\n\t\t<meta property=\"og:title\" content=\"Como escolher a lente de grau certa (sem sair de m\u00e3os vazias) - Blog Otica Quintino\" \/>\n\t\t<meta property=\"og:description\" content=\"Na hora de fechar o pedido, aparecem op\u00e7\u00f5es demais: antirreflexo, fotossens\u00edvel, lente fina, prote\u00e7\u00e3o de luz azul. Cada uma resolve um problema diferente \u2014 e nem sempre o vendedor explica qual faz sentido pro seu caso. Este guia \u00e9 pra voc\u00ea sair sabendo o que est\u00e1 levando, n\u00e3o s\u00f3 o pre\u00e7o. Antirreflexo Reduz o brilho\" \/>\n\t\t<meta property=\"og:url\" content=\"https:\/\/oticaquintino.com.br\/blog\/como-escolher-a-lente-de-grau-certa-sem-sair-de-maos-vazias\/\" \/>\n\t\t<meta property=\"og:image\" content=\"https:\/\/oticaquintino.com.br\/blog\/wp-content\/uploads\/2026\/08\/cropped-logo-lockup-positivo.png\" \/>\n\t\t<meta property=\"og:image:secure_url\" content=\"https:\/\/oticaquintino.com.br\/blog\/wp-content\/uploads\/2026\/08\/cropped-logo-lockup-positivo.png\" \/>\n\t\t<meta property=\"article:published_time\" content=\"2026-08-28T01:07:38+00:00\" \/>\n\t\t<meta property=\"article:modified_time\" content=\"2026-08-28T01:07:38+00:00\" \/>\n\t\t<meta name=\"twitter:card\" content=\"summary_large_image\" \/>\n\t\t<meta name=\"twitter:title\" content=\"Como escolher a lente de grau certa (sem sair de m\u00e3os vazias) - Blog Otica Quintino\" \/>\n\t\t<meta name=\"twitter:description\" content=\"Na hora de fechar o pedido, aparecem op\u00e7\u00f5es demais: antirreflexo, fotossens\u00edvel, lente fina, prote\u00e7\u00e3o de luz azul. Cada uma resolve um problema diferente \u2014 e nem sempre o vendedor explica qual faz sentido pro seu caso. Este guia \u00e9 pra voc\u00ea sair sabendo o que est\u00e1 levando, n\u00e3o s\u00f3 o pre\u00e7o. Antirreflexo Reduz o brilho\" \/>\n\t\t<meta name=\"twitter:image\" content=\"https:\/\/oticaquintino.com.br\/blog\/wp-content\/uploads\/2026\/08\/cropped-logo-lockup-positivo.png\" \/>\n\t\t<script type=\"application\/ld+json\" class=\"aioseo-schema\">\n\t\t\t{\"@context\":\"https:\\\/\\\/schema.org\",\"@graph\":[{\"@type\":\"BlogPosting\",\"@id\":\"https:\\\/\\\/oticaquintino.com.br\\\/blog\\\/como-escolher-a-lente-de-grau-certa-sem-sair-de-maos-vazias\\\/#blogposting\",\"name\":\"Como escolher a lente de grau certa (sem sair de m\\u00e3os vazias) - Blog Otica Quintino\",\"headline\":\"Como escolher a lente de grau certa (sem sair de m\\u00e3os vazias)\",\"author\":{\"@id\":\"https:\\\/\\\/oticaquintino.com.br\\\/blog\\\/author\\\/mhcassa\\\/#author\"},\"publisher\":{\"@id\":\"https:\\\/\\\/oticaquintino.com.br\\\/blog\\\/#organization\"},\"image\":{\"@type\":\"ImageObject\",\"url\":\"https:\\\/\\\/oticaquintino.com.br\\\/blog\\\/wp-content\\\/uploads\\\/2026\\\/08\\\/Gemini_Generated_Image_ae2rqsae2rqsae2r-scaled.jpg\",\"width\":2560,\"height\":1429},\"datePublished\":\"2026-08-28T01:07:38+00:00\",\"dateModified\":\"2026-08-28T01:07:38+00:00\",\"inLanguage\":\"pt-BR\",\"mainEntityOfPage\":{\"@id\":\"https:\\\/\\\/oticaquintino.com.br\\\/blog\\\/como-escolher-a-lente-de-grau-certa-sem-sair-de-maos-vazias\\\/#webpage\"},\"isPartOf\":{\"@id\":\"https:\\\/\\\/oticaquintino.com.br\\\/blog\\\/como-escolher-a-lente-de-grau-certa-sem-sair-de-maos-vazias\\\/#webpage\"},\"articleSection\":\"Lentes &amp; \\u00d3culos\"},{\"@type\":\"BreadcrumbList\",\"@id\":\"https:\\\/\\\/oticaquintino.com.br\\\/blog\\\/como-escolher-a-lente-de-grau-certa-sem-sair-de-maos-vazias\\\/#breadcrumblist\",\"itemListElement\":[{\"@type\":\"ListItem\",\"@id\":\"https:\\\/\\\/oticaquintino.com.br\\\/blog#listItem\",\"position\":1,\"name\":\"Home\",\"item\":\"https:\\\/\\\/oticaquintino.com.br\\\/blog\",\"nextItem\":{\"@type\":\"ListItem\",\"@id\":\"https:\\\/\\\/oticaquintino.com.br\\\/blog\\\/category\\\/lentes-oculos\\\/#listItem\",\"name\":\"Lentes &amp; \\u00d3culos\"}},{\"@type\":\"ListItem\",\"@id\":\"https:\\\/\\\/oticaquintino.com.br\\\/blog\\\/category\\\/lentes-oculos\\\/#listItem\",\"position\":2,\"name\":\"Lentes &amp; \\u00d3culos\",\"item\":\"https:\\\/\\\/oticaquintino.com.br\\\/blog\\\/category\\\/lentes-oculos\\\/\",\"nextItem\":{\"@type\":\"ListItem\",\"@id\":\"https:\\\/\\\/oticaquintino.com.br\\\/blog\\\/como-escolher-a-lente-de-grau-certa-sem-sair-de-maos-vazias\\\/#listItem\",\"name\":\"Como escolher a lente de grau certa (sem sair de m\\u00e3os vazias)\"},\"previousItem\":{\"@type\":\"ListItem\",\"@id\":\"https:\\\/\\\/oticaquintino.com.br\\\/blog#listItem\",\"name\":\"Home\"}},{\"@type\":\"ListItem\",\"@id\":\"https:\\\/\\\/oticaquintino.com.br\\\/blog\\\/como-escolher-a-lente-de-grau-certa-sem-sair-de-maos-vazias\\\/#listItem\",\"position\":3,\"name\":\"Como escolher a lente de grau certa (sem sair de m\\u00e3os vazias)\",\"previousItem\":{\"@type\":\"ListItem\",\"@id\":\"https:\\\/\\\/oticaquintino.com.br\\\/blog\\\/category\\\/lentes-oculos\\\/#listItem\",\"name\":\"Lentes &amp; \\u00d3culos\"}}]},{\"@type\":\"Organization\",\"@id\":\"https:\\\/\\\/oticaquintino.com.br\\\/blog\\\/#organization\",\"name\":\"Blog Otica Quintino\",\"url\":\"https:\\\/\\\/oticaquintino.com.br\\\/blog\\\/\",\"logo\":{\"@type\":\"ImageObject\",\"url\":\"https:\\\/\\\/oticaquintino.com.br\\\/blog\\\/wp-content\\\/uploads\\\/2026\\\/08\\\/cropped-logo-lockup-positivo.png\",\"@id\":\"https:\\\/\\\/oticaquintino.com.br\\\/blog\\\/como-escolher-a-lente-de-grau-certa-sem-sair-de-maos-vazias\\\/#organizationLogo\",\"width\":1362,\"height\":559},\"image\":{\"@id\":\"https:\\\/\\\/oticaquintino.com.br\\\/blog\\\/como-escolher-a-lente-de-grau-certa-sem-sair-de-maos-vazias\\\/#organizationLogo\"}},{\"@type\":\"Person\",\"@id\":\"https:\\\/\\\/oticaquintino.com.br\\\/blog\\\/author\\\/mhcassa\\\/#author\",\"url\":\"https:\\\/\\\/oticaquintino.com.br\\\/blog\\\/author\\\/mhcassa\\\/\",\"name\":\"mhcassa\",\"image\":{\"@type\":\"ImageObject\",\"@id\":\"https:\\\/\\\/oticaquintino.com.br\\\/blog\\\/como-escolher-a-lente-de-grau-certa-sem-sair-de-maos-vazias\\\/#authorImage\",\"url\":\"https:\\\/\\\/secure.gravatar.com\\\/avatar\\\/e7372b2a22910a57cc273abc54da1ae7c600cd221d11eec1c165d98f59f53911?s=96&d=mm&r=g\",\"width\":96,\"height\":96,\"caption\":\"mhcassa\"}},{\"@type\":\"WebPage\",\"@id\":\"https:\\\/\\\/oticaquintino.com.br\\\/blog\\\/como-escolher-a-lente-de-grau-certa-sem-sair-de-maos-vazias\\\/#webpage\",\"url\":\"https:\\\/\\\/oticaquintino.com.br\\\/blog\\\/como-escolher-a-lente-de-grau-certa-sem-sair-de-maos-vazias\\\/\",\"name\":\"Como escolher a lente de grau certa (sem sair de m\\u00e3os vazias) - Blog Otica Quintino\",\"description\":\"Na hora de fechar o pedido, aparecem op\\u00e7\\u00f5es demais: antirreflexo, fotossens\\u00edvel, lente fina, prote\\u00e7\\u00e3o de luz azul. Cada uma resolve um problema diferente \\u2014 e nem sempre o vendedor explica qual faz sentido pro seu caso. Este guia \\u00e9 pra voc\\u00ea sair sabendo o que est\\u00e1 levando, n\\u00e3o s\\u00f3 o pre\\u00e7o. Antirreflexo Reduz o brilho\",\"inLanguage\":\"pt-BR\",\"isPartOf\":{\"@id\":\"https:\\\/\\\/oticaquintino.com.br\\\/blog\\\/#website\"},\"breadcrumb\":{\"@id\":\"https:\\\/\\\/oticaquintino.com.br\\\/blog\\\/como-escolher-a-lente-de-grau-certa-sem-sair-de-maos-vazias\\\/#breadcrumblist\"},\"author\":{\"@id\":\"https:\\\/\\\/oticaquintino.com.br\\\/blog\\\/author\\\/mhcassa\\\/#author\"},\"creator\":{\"@id\":\"https:\\\/\\\/oticaquintino.com.br\\\/blog\\\/author\\\/mhcassa\\\/#author\"},\"image\":{\"@type\":\"ImageObject\",\"url\":\"https:\\\/\\\/oticaquintino.com.br\\\/blog\\\/wp-content\\\/uploads\\\/2026\\\/08\\\/Gemini_Generated_Image_ae2rqsae2rqsae2r-scaled.jpg\",\"@id\":\"https:\\\/\\\/oticaquintino.com.br\\\/blog\\\/como-escolher-a-lente-de-grau-certa-sem-sair-de-maos-vazias\\\/#mainImage\",\"width\":2560,\"height\":1429},\"primaryImageOfPage\":{\"@id\":\"https:\\\/\\\/oticaquintino.com.br\\\/blog\\\/como-escolher-a-lente-de-grau-certa-sem-sair-de-maos-vazias\\\/#mainImage\"},\"datePublished\":\"2026-08-28T01:07:38+00:00\",\"dateModified\":\"2026-08-28T01:07:38+00:00\"},{\"@type\":\"WebSite\",\"@id\":\"https:\\\/\\\/oticaquintino.com.br\\\/blog\\\/#website\",\"url\":\"https:\\\/\\\/oticaquintino.com.br\\\/blog\\\/\",\"name\":\"Blog Otica Quintino\",\"inLanguage\":\"pt-BR\",\"publisher\":{\"@id\":\"https:\\\/\\\/oticaquintino.com.br\\\/blog\\\/#organization\"}}]}\n\t\t<\/script>\n\t\t<!-- All in One SEO -->\n\n","aioseo_head_json":{"title":"Como escolher a lente de grau certa (sem sair de m\u00e3os vazias) - Blog Otica Quintino","description":"Na hora de fechar o pedido, aparecem op\u00e7\u00f5es demais: antirreflexo, fotossens\u00edvel, lente fina, prote\u00e7\u00e3o de luz azul. Cada uma resolve um problema diferente \u2014 e nem sempre o vendedor explica qual faz sentido pro seu caso. Este guia \u00e9 pra voc\u00ea sair sabendo o que est\u00e1 levando, n\u00e3o s\u00f3 o pre\u00e7o. Antirreflexo Reduz o brilho","canonical_url":"https:\/\/oticaquintino.com.br\/blog\/como-escolher-a-lente-de-grau-certa-sem-sair-de-maos-vazias\/","robots":"max-image-preview:large","keywords":"","webmasterTools":{"miscellaneous":""},"schema":{"@context":"https:\/\/schema.org","@graph":[{"@type":"BlogPosting","@id":"https:\/\/oticaquintino.com.br\/blog\/como-escolher-a-lente-de-grau-certa-sem-sair-de-maos-vazias\/#blogposting","name":"Como escolher a lente de grau certa (sem sair de m\u00e3os vazias) - Blog Otica Quintino","headline":"Como escolher a lente de grau certa (sem sair de m\u00e3os vazias)","author":{"@id":"https:\/\/oticaquintino.com.br\/blog\/author\/mhcassa\/#author"},"publisher":{"@id":"https:\/\/oticaquintino.com.br\/blog\/#organization"},"image":{"@type":"ImageObject","url":"https:\/\/oticaquintino.com.br\/blog\/wp-content\/uploads\/2026\/08\/Gemini_Generated_Image_ae2rqsae2rqsae2r-scaled.jpg","width":2560,"height":1429},"datePublished":"2026-08-28T01:07:38+00:00","dateModified":"2026-08-28T01:07:38+00:00","inLanguage":"pt-BR","mainEntityOfPage":{"@id":"https:\/\/oticaquintino.com.br\/blog\/como-escolher-a-lente-de-grau-certa-sem-sair-de-maos-vazias\/#webpage"},"isPartOf":{"@id":"https:\/\/oticaquintino.com.br\/blog\/como-escolher-a-lente-de-grau-certa-sem-sair-de-maos-vazias\/#webpage"},"articleSection":"Lentes &amp; \u00d3culos"},{"@type":"BreadcrumbList","@id":"https:\/\/oticaquintino.com.br\/blog\/como-escolher-a-lente-de-grau-certa-sem-sair-de-maos-vazias\/#breadcrumblist","itemListElement":[{"@type":"ListItem","@id":"https:\/\/oticaquintino.com.br\/blog#listItem","position":1,"name":"Home","item":"https:\/\/oticaquintino.com.br\/blog","nextItem":{"@type":"ListItem","@id":"https:\/\/oticaquintino.com.br\/blog\/category\/lentes-oculos\/#listItem","name":"Lentes &amp; \u00d3culos"}},{"@type":"ListItem","@id":"https:\/\/oticaquintino.com.br\/blog\/category\/lentes-oculos\/#listItem","position":2,"name":"Lentes &amp; \u00d3culos","item":"https:\/\/oticaquintino.com.br\/blog\/category\/lentes-oculos\/","nextItem":{"@type":"ListItem","@id":"https:\/\/oticaquintino.com.br\/blog\/como-escolher-a-lente-de-grau-certa-sem-sair-de-maos-vazias\/#listItem","name":"Como escolher a lente de grau certa (sem sair de m\u00e3os vazias)"},"previousItem":{"@type":"ListItem","@id":"https:\/\/oticaquintino.com.br\/blog#listItem","name":"Home"}},{"@type":"ListItem","@id":"https:\/\/oticaquintino.com.br\/blog\/como-escolher-a-lente-de-grau-certa-sem-sair-de-maos-vazias\/#listItem","position":3,"name":"Como escolher a lente de grau certa (sem sair de m\u00e3os vazias)","previousItem":{"@type":"ListItem","@id":"https:\/\/oticaquintino.com.br\/blog\/category\/lentes-oculos\/#listItem","name":"Lentes &amp; \u00d3culos"}}]},{"@type":"Organization","@id":"https:\/\/oticaquintino.com.br\/blog\/#organization","name":"Blog Otica Quintino","url":"https:\/\/oticaquintino.com.br\/blog\/","logo":{"@type":"ImageObject","url":"https:\/\/oticaquintino.com.br\/blog\/wp-content\/uploads\/2026\/08\/cropped-logo-lockup-positivo.png","@id":"https:\/\/oticaquintino.com.br\/blog\/como-escolher-a-lente-de-grau-certa-sem-sair-de-maos-vazias\/#organizationLogo","width":1362,"height":559},"image":{"@id":"https:\/\/oticaquintino.com.br\/blog\/como-escolher-a-lente-de-grau-certa-sem-sair-de-maos-vazias\/#organizationLogo"}},{"@type":"Person","@id":"https:\/\/oticaquintino.com.br\/blog\/author\/mhcassa\/#author","url":"https:\/\/oticaquintino.com.br\/blog\/author\/mhcassa\/","name":"mhcassa","image":{"@type":"ImageObject","@id":"https:\/\/oticaquintino.com.br\/blog\/como-escolher-a-lente-de-grau-certa-sem-sair-de-maos-vazias\/#authorImage","url":"https:\/\/secure.gravatar.com\/avatar\/e7372b2a22910a57cc273abc54da1ae7c600cd221d11eec1c165d98f59f53911?s=96&d=mm&r=g","width":96,"height":96,"caption":"mhcassa"}},{"@type":"WebPage","@id":"https:\/\/oticaquintino.com.br\/blog\/como-escolher-a-lente-de-grau-certa-sem-sair-de-maos-vazias\/#webpage","url":"https:\/\/oticaquintino.com.br\/blog\/como-escolher-a-lente-de-grau-certa-sem-sair-de-maos-vazias\/","name":"Como escolher a lente de grau certa (sem sair de m\u00e3os vazias) - Blog Otica Quintino","description":"Na hora de fechar o pedido, aparecem op\u00e7\u00f5es demais: antirreflexo, fotossens\u00edvel, lente fina, prote\u00e7\u00e3o de luz azul. Cada uma resolve um problema diferente \u2014 e nem sempre o vendedor explica qual faz sentido pro seu caso. Este guia \u00e9 pra voc\u00ea sair sabendo o que est\u00e1 levando, n\u00e3o s\u00f3 o pre\u00e7o. Antirreflexo Reduz o brilho","inLanguage":"pt-BR","isPartOf":{"@id":"https:\/\/oticaquintino.com.br\/blog\/#website"},"breadcrumb":{"@id":"https:\/\/oticaquintino.com.br\/blog\/como-escolher-a-lente-de-grau-certa-sem-sair-de-maos-vazias\/#breadcrumblist"},"author":{"@id":"https:\/\/oticaquintino.com.br\/blog\/author\/mhcassa\/#author"},"creator":{"@id":"https:\/\/oticaquintino.com.br\/blog\/author\/mhcassa\/#author"},"image":{"@type":"ImageObject","url":"https:\/\/oticaquintino.com.br\/blog\/wp-content\/uploads\/2026\/08\/Gemini_Generated_Image_ae2rqsae2rqsae2r-scaled.jpg","@id":"https:\/\/oticaquintino.com.br\/blog\/como-escolher-a-lente-de-grau-certa-sem-sair-de-maos-vazias\/#mainImage","width":2560,"height":1429},"primaryImageOfPage":{"@id":"https:\/\/oticaquintino.com.br\/blog\/como-escolher-a-lente-de-grau-certa-sem-sair-de-maos-vazias\/#mainImage"},"datePublished":"2026-08-28T01:07:38+00:00","dateModified":"2026-08-28T01:07:38+00:00"},{"@type":"WebSite","@id":"https:\/\/oticaquintino.com.br\/blog\/#website","url":"https:\/\/oticaquintino.com.br\/blog\/","name":"Blog Otica Quintino","inLanguage":"pt-BR","publisher":{"@id":"https:\/\/oticaquintino.com.br\/blog\/#organization"}}]},"og:locale":"pt_BR","og:site_name":"Blog Otica Quintino -","og:type":"article","og:title":"Como escolher a lente de grau certa (sem sair de m\u00e3os vazias) - Blog Otica Quintino","og:description":"Na hora de fechar o pedido, aparecem op\u00e7\u00f5es demais: antirreflexo, fotossens\u00edvel, lente fina, prote\u00e7\u00e3o de luz azul. Cada uma resolve um problema diferente \u2014 e nem sempre o vendedor explica qual faz sentido pro seu caso. Este guia \u00e9 pra voc\u00ea sair sabendo o que est\u00e1 levando, n\u00e3o s\u00f3 o pre\u00e7o. Antirreflexo Reduz o brilho","og:url":"https:\/\/oticaquintino.com.br\/blog\/como-escolher-a-lente-de-grau-certa-sem-sair-de-maos-vazias\/","og:image":"https:\/\/oticaquintino.com.br\/blog\/wp-content\/uploads\/2026\/08\/cropped-logo-lockup-positivo.png","og:image:secure_url":"https:\/\/oticaquintino.com.br\/blog\/wp-content\/uploads\/2026\/08\/cropped-logo-lockup-positivo.png","article:published_time":"2026-08-28T01:07:38+00:00","article:modified_time":"2026-08-28T01:07:38+00:00","twitter:card":"summary_large_image","twitter:title":"Como escolher a lente de grau certa (sem sair de m\u00e3os vazias) - Blog Otica Quintino","twitter:description":"Na hora de fechar o pedido, aparecem op\u00e7\u00f5es demais: antirreflexo, fotossens\u00edvel, lente fina, prote\u00e7\u00e3o de luz azul. Cada uma resolve um problema diferente \u2014 e nem sempre o vendedor explica qual faz sentido pro seu caso. Este guia \u00e9 pra voc\u00ea sair sabendo o que est\u00e1 levando, n\u00e3o s\u00f3 o pre\u00e7o. Antirreflexo Reduz o brilho","twitter:image":"https:\/\/oticaquintino.com.br\/blog\/wp-content\/uploads\/2026\/08\/cropped-logo-lockup-positivo.png"},"aioseo_meta_data":{"post_id":"89","title":null,"description":null,"keywords":null,"keyphrases":{"focus":{"keyphrase":"","score":0,"analysis":{"keyphraseInTitle":{"score":0,"maxScore":9,"error":1}}},"additional":[]},"focus_keyword":null,"additional_keywords":null,"truseo_locale":null,"primary_term":null,"canonical_url":null,"og_title":null,"og_description":null,"og_object_type":"default","og_image_type":"default","og_image_custom_url":null,"og_image_custom_fields":null,"og_image_url":null,"og_image_width":null,"og_image_height":null,"og_video":"","og_custom_url":null,"og_article_section":null,"og_article_tags":null,"twitter_use_og":false,"twitter_card":"default","twitter_image_type":"default","twitter_image_custom_url":null,"twitter_image_custom_fields":null,"twitter_image_url":null,"twitter_title":null,"twitter_description":null,"schema_type":"default","schema_type_options":null,"schema":{"blockGraphs":[],"customGraphs":[],"default":{"data":{"Article":[],"Course":[],"Dataset":[],"FAQPage":[],"Movie":[],"Person":[],"Product":[],"ProductReview":[],"Car":[],"Recipe":[],"Service":[],"SoftwareApplication":[],"WebPage":[]},"graphName":"BlogPosting","isEnabled":true},"graphs":[]},"pillar_content":false,"robots_default":true,"robots_noindex":false,"robots_noarchive":false,"robots_nosnippet":false,"robots_nofollow":false,"robots_noimageindex":false,"robots_noodp":false,"robots_notranslate":false,"robots_max_snippet":"-1","robots_max_videopreview":"-1","robots_max_imagepreview":"large","priority":null,"frequency":"default","local_seo":null,"limit_modified_date":false,"ai":{"faqs":[],"keyPoints":[],"schemas":[],"titles":[],"descriptions":[],"socialPosts":{"email":{"subject":"","preview":"","content":""},"linkedin":[],"twitter":[],"facebook":[],"instagram":[]}},"breadcrumb_settings":null,"seo_analyzer_scan_date":null,"created":"2026-08-28 01:07:38","updated":"2026-08-28 01:09:54"},"aioseo_breadcrumb":"<div class=\"aioseo-breadcrumbs\"><span class=\"aioseo-breadcrumb\">\n\t\t\t<a href=\"https:\/\/oticaquintino.com.br\/blog\" title=\"Home\">Home<\/a>\n\t\t<\/span><span class=\"aioseo-breadcrumb-separator\">&raquo;<\/span><span class=\"aioseo-breadcrumb\">\n\t\t\t<a href=\"https:\/\/oticaquintino.com.br\/blog\/category\/lentes-oculos\/\" title=\"Lentes &amp; \u00d3culos\">Lentes &amp; \u00d3culos<\/a>\n\t\t<\/span><span class=\"aioseo-breadcrumb-separator\">&raquo;<\/span><span class=\"aioseo-breadcrumb\">\n\t\t\tComo escolher a lente de grau certa (sem sair de m\u00e3os vazias)\n\t\t<\/span><\/div>","aioseo_breadcrumb_json":[{"label":"Home","link":"https:\/\/oticaquintino.com.br\/blog"},{"label":"Lentes &amp; \u00d3culos","link":"https:\/\/oticaquintino.com.br\/blog\/category\/lentes-oculos\/"},{"label":"Como escolher a lente de grau certa (sem sair de m\u00e3os vazias)","link":"https:\/\/oticaquintino.com.br\/blog\/como-escolher-a-lente-de-grau-certa-sem-sair-de-maos-vazias\/"}],"_links":{"self":[{"href":"https:\/\/oticaquintino.com.br\/blog\/wp-json\/wp\/v2\/posts\/89","targetHints":{"allow":["GET"]}}],"collection":[{"href":"https:\/\/oticaquintino.com.br\/blog\/wp-json\/wp\/v2\/posts"}],"about":[{"href":"https:\/\/oticaquintino.com.br\/blog\/wp-json\/wp\/v2\/types\/post"}],"author":[{"embeddable":true,"href":"https:\/\/oticaquintino.com.br\/blog\/wp-json\/wp\/v2\/users\/1"}],"replies":[{"embeddable":true,"href":"https:\/\/oticaquintino.com.br\/blog\/wp-json\/wp\/v2\/comments?post=89"}],"version-history":[{"count":1,"href":"https:\/\/oticaquintino.com.br\/blog\/wp-json\/wp\/v2\/posts\/89\/revisions"}],"predecessor-version":[{"id":91,"href":"https:\/\/oticaquintino.com.br\/blog\/wp-json\/wp\/v2\/posts\/89\/revisions\/91"}],"wp:featuredmedia":[{"embeddable":true,"href":"https:\/\/oticaquintino.com.br\/blog\/wp-json\/wp\/v2\/media\/90"}],"wp:attachment":[{"href":"https:\/\/oticaquintino.com.br\/blog\/wp-json\/wp\/v2\/media?parent=89"}],"wp:term":[{"taxonomy":"category","embeddable":true,"href":"https:\/\/oticaquintino.com.br\/blog\/wp-json\/wp\/v2\/categories?post=89"},{"taxonomy":"post_tag","embeddable":true,"href":"https:\/\/oticaquintino.com.br\/blog\/wp-json\/wp\/v2\/tags?post=89"}],"curies":[{"name":"wp","href":"https:\/\/api.w.org\/{rel}","templated":true}]}}